{"id":71859,"date":"2024-05-08T16:13:04","date_gmt":"2024-05-08T22:13:04","guid":{"rendered":"http:\/\/mickyandoniehn.com\/radio\/2024\/05\/08\/hondurenos-en-la-cima-culinaria-chefs-catrachos-cocinaran-para-el-principe-de-monaco\/"},"modified":"2024-05-08T16:13:04","modified_gmt":"2024-05-08T22:13:04","slug":"hondurenos-en-la-cima-culinaria-chefs-catrachos-cocinaran-para-el-principe-de-monaco","status":"publish","type":"post","link":"https:\/\/mickyandoniehn.com\/radio\/2024\/05\/08\/hondurenos-en-la-cima-culinaria-chefs-catrachos-cocinaran-para-el-principe-de-monaco\/","title":{"rendered":"Hondure\u00f1os en la Cima Culinaria: Chefs catrachos cocinar\u00e1n para el Pr\u00edncipe de M\u00f3naco"},"content":{"rendered":"<\/p>\n<p><strong>Tegucigalpa. 08.05.2024<\/strong><\/p>\n<p>En un emocionante giro para la gastronom\u00eda hondure\u00f1a, cinco destacados talentos catrachos han sido seleccionados para cocinar en un evento sin precedentes: \u00abHonduras naturalmente tuya, sabores ancestrales\u00bb, donde tendr\u00e1n el honor de deleitar al pr\u00edncipe Alberto II de M\u00f3naco. \u00a1Qu\u00e9 orgullo para Honduras!<\/p>\n<p>Los chefs hondure\u00f1os Carlos Espinal, Israel Navarro, Javier Ham, Alisson Pav\u00f3n y Chepe Escalante ser\u00e1n los encargados de cautivar con sus creaciones culinarias al paladar del pr\u00edncipe de M\u00f3naco en este evento especial.<\/p>\n<p>La Asociaci\u00f3n Monegasca Iberoamericana (AMI), en colaboraci\u00f3n con el gobierno de Honduras, ha organizado este evento que se llevar\u00e1 a cabo el 16 de mayo en M\u00f3naco. Se trata de una oportunidad \u00fanica para mostrar la riqueza gastron\u00f3mica y cultural de Honduras en un escenario internacional de alto nivel. \u00a1Qu\u00e9 macizo!<\/p>\n<p>Estos cinco talentosos chefs hondure\u00f1os han sido reconocidos como los mejores para representar a su pa\u00eds en este importante evento. La tem\u00e1tica central de la cena ser\u00e1 los \u00abSabores Ancestrales de Honduras\u00bb, donde se destacar\u00e1 la herencia culinaria y los ingredientes emblem\u00e1ticos del pa\u00eds, como el caf\u00e9 y el cacao.<\/p>\n<p>Este evento no solo ofrece una oportunidad \u00fanica para que los chefs hondure\u00f1os demuestren su talento en la cocina internacional, sino que tambi\u00e9n promueve la diversidad culinaria y el intercambio cultural entre Honduras y M\u00f3naco. Sin duda, es un momento de gran orgullo para la gastronom\u00eda hondure\u00f1a y para todos los hondure\u00f1os.<\/p>\n<p>Fuente: diarioroatan.com<\/p>\n","protected":false},"excerpt":{"rendered":"<p>Tegucigalpa. 08.05.2024 En un emocionante giro para la gastronom\u00eda hondure\u00f1a, cinco destacados talentos catrachos han sido seleccionados para cocinar en un evento sin precedentes: \u00abHonduras naturalmente tuya, sabores ancestrales\u00bb, donde tendr\u00e1n el honor de deleitar al pr\u00edncipe Alberto II de M\u00f3naco. \u00a1Qu\u00e9 orgullo para Honduras! Los chefs hondure\u00f1os Carlos Espinal, Israel Navarro, Javier Ham, Alisson &hellip;<\/p>\n","protected":false},"author":0,"featured_media":71860,"comment_status":"open","ping_status":"open","sticky":false,"template":"","format":"standard","meta":{"_jetpack_memberships_contains_paid_content":false,"footnotes":""},"categories":[5],"tags":[],"class_list":["post-71859","post","type-post","status-publish","format-standard","has-post-thumbnail","","category-noticias"],"jetpack_sharing_enabled":true,"jetpack_featured_media_url":"https:\/\/mickyandoniehn.com\/radio\/wp-content\/uploads\/2024\/05\/ipiccy_image-1-750x430-1-hhFdON.jpeg","_links":{"self":[{"href":"https:\/\/mickyandoniehn.com\/radio\/wp-json\/wp\/v2\/posts\/71859","targetHints":{"allow":["GET"]}}],"collection":[{"href":"https:\/\/mickyandoniehn.com\/radio\/wp-json\/wp\/v2\/posts"}],"about":[{"href":"https:\/\/mickyandoniehn.com\/radio\/wp-json\/wp\/v2\/types\/post"}],"replies":[{"embeddable":true,"href":"https:\/\/mickyandoniehn.com\/radio\/wp-json\/wp\/v2\/comments?post=71859"}],"version-history":[{"count":0,"href":"https:\/\/mickyandoniehn.com\/radio\/wp-json\/wp\/v2\/posts\/71859\/revisions"}],"wp:featuredmedia":[{"embeddable":true,"href":"https:\/\/mickyandoniehn.com\/radio\/wp-json\/wp\/v2\/media\/71860"}],"wp:attachment":[{"href":"https:\/\/mickyandoniehn.com\/radio\/wp-json\/wp\/v2\/media?parent=71859"}],"wp:term":[{"taxonomy":"category","embeddable":true,"href":"https:\/\/mickyandoniehn.com\/radio\/wp-json\/wp\/v2\/categories?post=71859"},{"taxonomy":"post_tag","embeddable":true,"href":"https:\/\/mickyandoniehn.com\/radio\/wp-json\/wp\/v2\/tags?post=71859"}],"curies":[{"name":"wp","href":"https:\/\/api.w.org\/{rel}","templated":true}]}}