{"id":71831,"date":"2024-05-08T13:12:42","date_gmt":"2024-05-08T19:12:42","guid":{"rendered":"http:\/\/mickyandoniehn.com\/radio\/2024\/05\/08\/amplio-programa-de-mantenimiento-vial-en-el-distrito-central\/"},"modified":"2024-05-08T13:12:42","modified_gmt":"2024-05-08T19:12:42","slug":"amplio-programa-de-mantenimiento-vial-en-el-distrito-central","status":"publish","type":"post","link":"https:\/\/mickyandoniehn.com\/radio\/2024\/05\/08\/amplio-programa-de-mantenimiento-vial-en-el-distrito-central\/","title":{"rendered":"Amplio programa de mantenimiento vial en el Distrito Central"},"content":{"rendered":"<\/p>\n<p><strong>Tegucigalpa. 08.05.2024<\/strong><\/p>\n<p>La Alcald\u00eda Municipal del Distrito Central (A.M.D.C.) ha anunciado un extenso programa de mantenimiento vial para el martes 8 de mayo, lo que implicar\u00e1 el cierre de casi una treintena de calles en diferentes horarios.<\/p>\n<p>Seg\u00fan la informaci\u00f3n proporcionada por la A.M.D.C. a trav\u00e9s de sus redes sociales, se llevar\u00e1n a cabo trabajos de mantenimiento, reparaci\u00f3n y otras labores en un total de 13 puntos de rehabilitaci\u00f3n vial. Estas labores se desarrollar\u00e1n desde las 8:00 a.m. hasta las 4:00 p.m.<\/p>\n<p>Adicionalmente, se ejecutar\u00e1n simult\u00e1neamente 9 trabajos varios, 3 trabajos de balastrado y 1 zona de pavimentaci\u00f3n de concreto hidr\u00e1ulico.<\/p>\n<p>Para minimizar el impacto en el tr\u00e1fico, tambi\u00e9n se realizar\u00e1n trabajos nocturnos en el bulevar Moraz\u00e1n y Calle Los Alcaldes, espec\u00edficamente enfocados en la nivelaci\u00f3n de tapaderas de pozos de inspecci\u00f3n y se\u00f1alamiento con pintura termopl\u00e1stica en el Bulevar Suyapa. Estas actividades nocturnas se llevar\u00e1n a cabo desde las 9:00 p.m. hasta las 4:00 a.m., si bien se ha indicado que est\u00e1n sujetas a cambios.<\/p>\n<p>Ante esta situaci\u00f3n, se recomienda a los conductores tomar rutas alternas para evitar contratiempos y congestionamiento vial. La A.M.D.C. ha instado a la poblaci\u00f3n a estar atenta a los avisos y cambios que puedan surgir en relaci\u00f3n con estos trabajos, con el objetivo de garantizar una circulaci\u00f3n fluida y segura en las v\u00edas de la ciudad.<\/p>\n<p><strong>Fuente: diarioroatan.com<\/strong><\/p>\n","protected":false},"excerpt":{"rendered":"<p>Tegucigalpa. 08.05.2024 La Alcald\u00eda Municipal del Distrito Central (A.M.D.C.) ha anunciado un extenso programa de mantenimiento vial para el martes 8 de mayo, lo que implicar\u00e1 el cierre de casi una treintena de calles en diferentes horarios. Seg\u00fan la informaci\u00f3n proporcionada por la A.M.D.C. a trav\u00e9s de sus redes sociales, se llevar\u00e1n a cabo trabajos &hellip;<\/p>\n","protected":false},"author":0,"featured_media":71832,"comment_status":"open","ping_status":"open","sticky":false,"template":"","format":"standard","meta":{"_jetpack_memberships_contains_paid_content":false,"footnotes":""},"categories":[5],"tags":[],"class_list":["post-71831","post","type-post","status-publish","format-standard","has-post-thumbnail","","category-noticias"],"jetpack_sharing_enabled":true,"jetpack_featured_media_url":"https:\/\/mickyandoniehn.com\/radio\/wp-content\/uploads\/2024\/05\/FnLG3ZsXwAwXjst-1024x462-1-750x430-1-qcaa4r.png","_links":{"self":[{"href":"https:\/\/mickyandoniehn.com\/radio\/wp-json\/wp\/v2\/posts\/71831","targetHints":{"allow":["GET"]}}],"collection":[{"href":"https:\/\/mickyandoniehn.com\/radio\/wp-json\/wp\/v2\/posts"}],"about":[{"href":"https:\/\/mickyandoniehn.com\/radio\/wp-json\/wp\/v2\/types\/post"}],"replies":[{"embeddable":true,"href":"https:\/\/mickyandoniehn.com\/radio\/wp-json\/wp\/v2\/comments?post=71831"}],"version-history":[{"count":0,"href":"https:\/\/mickyandoniehn.com\/radio\/wp-json\/wp\/v2\/posts\/71831\/revisions"}],"wp:featuredmedia":[{"embeddable":true,"href":"https:\/\/mickyandoniehn.com\/radio\/wp-json\/wp\/v2\/media\/71832"}],"wp:attachment":[{"href":"https:\/\/mickyandoniehn.com\/radio\/wp-json\/wp\/v2\/media?parent=71831"}],"wp:term":[{"taxonomy":"category","embeddable":true,"href":"https:\/\/mickyandoniehn.com\/radio\/wp-json\/wp\/v2\/categories?post=71831"},{"taxonomy":"post_tag","embeddable":true,"href":"https:\/\/mickyandoniehn.com\/radio\/wp-json\/wp\/v2\/tags?post=71831"}],"curies":[{"name":"wp","href":"https:\/\/api.w.org\/{rel}","templated":true}]}}