{"id":71809,"date":"2024-05-07T15:12:40","date_gmt":"2024-05-07T21:12:40","guid":{"rendered":"https:\/\/mickyandoniehn.com\/radio\/2024\/05\/07\/expertos-recomiendan-el-uso-de-mascarillas-n95-ante-niveles-de-contaminacion\/"},"modified":"2024-05-07T15:12:40","modified_gmt":"2024-05-07T21:12:40","slug":"expertos-recomiendan-el-uso-de-mascarillas-n95-ante-niveles-de-contaminacion","status":"publish","type":"post","link":"https:\/\/mickyandoniehn.com\/radio\/2024\/05\/07\/expertos-recomiendan-el-uso-de-mascarillas-n95-ante-niveles-de-contaminacion\/","title":{"rendered":"Expertos recomiendan el uso de mascarillas N95 ante niveles de contaminaci\u00f3n"},"content":{"rendered":"<\/p>\n<p>Tegucigalpa. 07.05.2024<\/p>\n<p>La situaci\u00f3n ambiental en Honduras ha generado preocupaci\u00f3n entre los expertos, quienes advierten sobre la necesidad de tomar medidas adicionales de protecci\u00f3n, especialmente en lo que respecta al uso de mascarillas. En medio de una densa capa de humo que cubre la capital del pa\u00eds, el m\u00e9dico Dar\u00edo Zuniga ha enfatizado la importancia de utilizar mascarillas N95 para una protecci\u00f3n adecuada.<\/p>\n<p>Zuniga se\u00f1ala que el tama\u00f1o de las part\u00edculas presentes en el humo requiere un nivel de protecci\u00f3n m\u00e1s alto que el proporcionado por las mascarillas convencionales. La N95, utilizada durante el punto \u00e1lgido de la pandemia por COVID-19, ofrece una filtraci\u00f3n m\u00e1s efectiva y, por lo tanto, es crucial para protegerse contra los contaminantes presentes en el aire.<\/p>\n<p>La capital hondure\u00f1a se ve afectada por una capa de humo debido a m\u00faltiples puntos de calor, aunque no todos est\u00e1n vinculados directamente a incendios forestales, seg\u00fan las autoridades. Esta situaci\u00f3n se espera que persista hasta el inicio de la temporada de lluvias, prevista para la \u00faltima semana de mayo.<\/p>\n<p>Ante esta realidad, los expertos hacen un llamado a la poblaci\u00f3n para que, de manera voluntaria, utilice mascarillas, pero destacan que no cualquier tipo de mascarilla es suficiente. La N95 se presenta como la opci\u00f3n m\u00e1s adecuada debido a su capacidad para filtrar part\u00edculas peque\u00f1as, brindando una protecci\u00f3n efectiva contra los contaminantes presentes en el aire.<\/p>\n<p>Esta recomendaci\u00f3n refleja la gravedad de la situaci\u00f3n ambiental en Honduras y la necesidad urgente de tomar medidas adicionales para proteger la salud p\u00fablica. Con la utilizaci\u00f3n adecuada de mascarillas N95, se espera reducir el riesgo de exposici\u00f3n a los contaminantes atmosf\u00e9ricos y salvaguardar la salud de la poblaci\u00f3n en general.<\/p>\n<p>Fuente: diarioroatan.com<\/p>\n","protected":false},"excerpt":{"rendered":"<p>Tegucigalpa. 07.05.2024 La situaci\u00f3n ambiental en Honduras ha generado preocupaci\u00f3n entre los expertos, quienes advierten sobre la necesidad de tomar medidas adicionales de protecci\u00f3n, especialmente en lo que respecta al uso de mascarillas. En medio de una densa capa de humo que cubre la capital del pa\u00eds, el m\u00e9dico Dar\u00edo Zuniga ha enfatizado la importancia &hellip;<\/p>\n","protected":false},"author":0,"featured_media":71810,"comment_status":"open","ping_status":"open","sticky":false,"template":"","format":"standard","meta":{"_jetpack_memberships_contains_paid_content":false,"footnotes":""},"categories":[5],"tags":[],"class_list":["post-71809","post","type-post","status-publish","format-standard","has-post-thumbnail","","category-noticias"],"jetpack_sharing_enabled":true,"jetpack_featured_media_url":"https:\/\/mickyandoniehn.com\/radio\/wp-content\/uploads\/2024\/05\/N95-masks5D-750x430-1-0Xn2xI.jpeg","_links":{"self":[{"href":"https:\/\/mickyandoniehn.com\/radio\/wp-json\/wp\/v2\/posts\/71809","targetHints":{"allow":["GET"]}}],"collection":[{"href":"https:\/\/mickyandoniehn.com\/radio\/wp-json\/wp\/v2\/posts"}],"about":[{"href":"https:\/\/mickyandoniehn.com\/radio\/wp-json\/wp\/v2\/types\/post"}],"replies":[{"embeddable":true,"href":"https:\/\/mickyandoniehn.com\/radio\/wp-json\/wp\/v2\/comments?post=71809"}],"version-history":[{"count":0,"href":"https:\/\/mickyandoniehn.com\/radio\/wp-json\/wp\/v2\/posts\/71809\/revisions"}],"wp:featuredmedia":[{"embeddable":true,"href":"https:\/\/mickyandoniehn.com\/radio\/wp-json\/wp\/v2\/media\/71810"}],"wp:attachment":[{"href":"https:\/\/mickyandoniehn.com\/radio\/wp-json\/wp\/v2\/media?parent=71809"}],"wp:term":[{"taxonomy":"category","embeddable":true,"href":"https:\/\/mickyandoniehn.com\/radio\/wp-json\/wp\/v2\/categories?post=71809"},{"taxonomy":"post_tag","embeddable":true,"href":"https:\/\/mickyandoniehn.com\/radio\/wp-json\/wp\/v2\/tags?post=71809"}],"curies":[{"name":"wp","href":"https:\/\/api.w.org\/{rel}","templated":true}]}}