{"id":71787,"date":"2024-05-07T14:12:34","date_gmt":"2024-05-07T20:12:34","guid":{"rendered":"https:\/\/mickyandoniehn.com\/radio\/2024\/05\/07\/mexico-reabre-sus-fronteras-para-la-exportacion-de-camaron-hondureno\/"},"modified":"2024-05-07T14:12:34","modified_gmt":"2024-05-07T20:12:34","slug":"mexico-reabre-sus-fronteras-para-la-exportacion-de-camaron-hondureno","status":"publish","type":"post","link":"https:\/\/mickyandoniehn.com\/radio\/2024\/05\/07\/mexico-reabre-sus-fronteras-para-la-exportacion-de-camaron-hondureno\/","title":{"rendered":"M\u00e9xico reabre sus fronteras para la exportaci\u00f3n de camar\u00f3n hondure\u00f1o"},"content":{"rendered":"<\/p>\n<p><strong>Tegucigalpa. 07.05.2024<\/strong><\/p>\n<p>Este martes, se anunci\u00f3 una resoluci\u00f3n hist\u00f3rica que marca un nuevo cap\u00edtulo en las relaciones comerciales entre M\u00e9xico y los pa\u00edses centroamericanos.<\/p>\n<p>El S\u00e9ptimo de Distrito en el estado de Sinaloa ha determinado la reapertura de las fronteras mexicanas para el ingreso del camar\u00f3n de granja proveniente de Honduras, as\u00ed como de otras naciones centroamericanas como Guatemala, El Salvador, Nicaragua y Costa Rica.<\/p>\n<p>La medida, que ordena la reapertura de las fronteras a\u00e9reas, terrestres y mar\u00edtimas de M\u00e9xico, surge tras una serie de evaluaciones exhaustivas por parte de las autoridades mexicanas sobre las normativas sanitarias y de calidad que rigen la producci\u00f3n de camar\u00f3n en estos pa\u00edses.<\/p>\n<p>El director jur\u00eddico del Servicio Nacional de Sanidad Inocuidad y Calidad Agroalimentaria, Marco Antonio Ram\u00edrez, present\u00f3 un recurso de amparo indirecto para modificar o revocar la suspensi\u00f3n definitiva del camar\u00f3n, argumentando la cumplimentaci\u00f3n de las condiciones sanitarias necesarias para garantizar la inocuidad del producto.<\/p>\n<p>En respuesta, el juez ha determinado que el incidente es parcialmente fundado, allanando as\u00ed el camino para la reanudaci\u00f3n del comercio de camar\u00f3n entre M\u00e9xico y los pa\u00edses centroamericanos.<\/p>\n<p>La resoluci\u00f3n judicial tambi\u00e9n destaca el compromiso y la cooperaci\u00f3n de las autoridades hondure\u00f1as en la verificaci\u00f3n de los est\u00e1ndares sanitarios exigidos por M\u00e9xico. Se llevaron a cabo visitas de verificaci\u00f3n en Honduras, Guatemala y Nicaragua, donde se comprob\u00f3 que las instalaciones de producci\u00f3n y exportaci\u00f3n cumplen con las regulaciones establecidas.<\/p>\n<p>Es importante destacar que esta medida no solo implica un cambio en la pol\u00edtica comercial de M\u00e9xico, sino que tambi\u00e9n refleja un esfuerzo conjunto para fortalecer las relaciones comerciales dentro del Tratado de Libre Comercio con Estados Unidos Mexicanos (TLC).<\/p>\n<p>Adem\u00e1s, subraya la importancia de garantizar la seguridad alimentaria y la calidad de los productos importados, al tiempo que se fomenta el comercio justo y transparente entre los pa\u00edses miembros del tratado.<\/p>\n<p>La reapertura de las fronteras mexicanas al camar\u00f3n centroamericano representa un hito significativo en la regi\u00f3n, marcando el inicio de una nueva era de cooperaci\u00f3n y comercio entre M\u00e9xico y sus socios centroamericanos en el sector acu\u00edcola.<\/p>\n<p>Fuente: diarioroatan.com<\/p>\n","protected":false},"excerpt":{"rendered":"<p>Tegucigalpa. 07.05.2024 Este martes, se anunci\u00f3 una resoluci\u00f3n hist\u00f3rica que marca un nuevo cap\u00edtulo en las relaciones comerciales entre M\u00e9xico y los pa\u00edses centroamericanos. El S\u00e9ptimo de Distrito en el estado de Sinaloa ha determinado la reapertura de las fronteras mexicanas para el ingreso del camar\u00f3n de granja proveniente de Honduras, as\u00ed como de otras &hellip;<\/p>\n","protected":false},"author":0,"featured_media":71788,"comment_status":"open","ping_status":"open","sticky":false,"template":"","format":"standard","meta":{"_jetpack_memberships_contains_paid_content":false,"footnotes":""},"categories":[5],"tags":[],"class_list":["post-71787","post","type-post","status-publish","format-standard","has-post-thumbnail","","category-noticias"],"jetpack_sharing_enabled":true,"jetpack_featured_media_url":"https:\/\/mickyandoniehn.com\/radio\/wp-content\/uploads\/2024\/05\/camaron_7430767_20240507110514-750x430-1-Rj4zA4.jpeg","_links":{"self":[{"href":"https:\/\/mickyandoniehn.com\/radio\/wp-json\/wp\/v2\/posts\/71787","targetHints":{"allow":["GET"]}}],"collection":[{"href":"https:\/\/mickyandoniehn.com\/radio\/wp-json\/wp\/v2\/posts"}],"about":[{"href":"https:\/\/mickyandoniehn.com\/radio\/wp-json\/wp\/v2\/types\/post"}],"replies":[{"embeddable":true,"href":"https:\/\/mickyandoniehn.com\/radio\/wp-json\/wp\/v2\/comments?post=71787"}],"version-history":[{"count":0,"href":"https:\/\/mickyandoniehn.com\/radio\/wp-json\/wp\/v2\/posts\/71787\/revisions"}],"wp:featuredmedia":[{"embeddable":true,"href":"https:\/\/mickyandoniehn.com\/radio\/wp-json\/wp\/v2\/media\/71788"}],"wp:attachment":[{"href":"https:\/\/mickyandoniehn.com\/radio\/wp-json\/wp\/v2\/media?parent=71787"}],"wp:term":[{"taxonomy":"category","embeddable":true,"href":"https:\/\/mickyandoniehn.com\/radio\/wp-json\/wp\/v2\/categories?post=71787"},{"taxonomy":"post_tag","embeddable":true,"href":"https:\/\/mickyandoniehn.com\/radio\/wp-json\/wp\/v2\/tags?post=71787"}],"curies":[{"name":"wp","href":"https:\/\/api.w.org\/{rel}","templated":true}]}}