{"id":71767,"date":"2024-05-06T14:12:35","date_gmt":"2024-05-06T20:12:35","guid":{"rendered":"https:\/\/mickyandoniehn.com\/radio\/2024\/05\/06\/la-unah-y-la-sesal-logran-acuerdo-interinstitucional-que-pone-fin-a-conflicto\/"},"modified":"2024-05-06T14:12:35","modified_gmt":"2024-05-06T20:12:35","slug":"la-unah-y-la-sesal-logran-acuerdo-interinstitucional-que-pone-fin-a-conflicto","status":"publish","type":"post","link":"https:\/\/mickyandoniehn.com\/radio\/2024\/05\/06\/la-unah-y-la-sesal-logran-acuerdo-interinstitucional-que-pone-fin-a-conflicto\/","title":{"rendered":"La UNAH y la SESAL logran acuerdo interinstitucional que pone fin a conflicto"},"content":{"rendered":"<\/p>\n<div class=\"news-content md:text-[18px] lg:text-[19px] lg:leading-[21.85px]\">\n<p><strong>Tegucigalpa. 06.05.2024<\/strong><\/p>\n<p class=\"mb-6\">Las autoridades de la Universidad Nacional Aut\u00f3noma de Honduras (UNAH) y de la Secretar\u00eda de Salud (SESAL) logran acuerdo interinstitucional que pone fin al conflicto generado d\u00edas atras en caso de los estudiantes de medicina en el Hospital Escuela y otros centros asistenciales del pa\u00eds.<\/p>\n<h4><em>NOTA<\/em><\/h4>\n<p class=\"mb-6\">Tras el di\u00e1logo p\u00fablico entre autoridades de la Universidad Nacional Aut\u00f3noma de Honduras (UNAH) y la Secretar\u00eda de Salud, respecto de las denuncias que los estudiantes en su pr\u00e1ctica profesional del \u00e1rea de la salud hicieran de los tratos que reciben en el Hospital Escuela; ambas instituciones acordaron elaborar un plan de trabajo a corto plazo, as\u00ed como designar personal para darle cumplimiento y seguimiento del presente acuerdo, mismo que deber\u00e1 ejecutarse de manera inmediata.<\/p>\n<p class=\"mb-6\">De parte de la Secretar\u00eda de Salud, se acord\u00f3 que deber\u00e1 cumplir con 20 puntos que abarcan medidas desde la dotaci\u00f3n de espacios f\u00edsicos para que los practicantes de la UNAH puedan desarrollar sus actividades acad\u00e9micas y de atenci\u00f3n a la poblaci\u00f3n, adem\u00e1s de un espacio digno para descanso; por otra parte tendr\u00e1 que hacer cambios en las jefaturas m\u00e9dicas; garantizar una distribuci\u00f3n proporcional de plazas de servicio social; y respetar los horarios espec\u00edficos para el desarrollo de clases y actividades acad\u00e9micas del estudiantado.<\/p>\n<p class=\"mb-6\">La SESAL proveer\u00e1 seg\u00fan su capacidad presupuestaria, de los recursos tecnol\u00f3gicos, quir\u00f3fanos e insumos para las actividades pr\u00e1cticas del estudiantado de grado y posgrado de la UNAH en igualdad de condiciones, as\u00ed como el suministro del equipo que garantice sus medidas de bioseguridad. En el caso del estudiantado de UNAH-VS, la SESAL deber\u00e1 garantizar cupos en el Bloque I y Bloque II en Hospital Mario Catarino Rivas.<\/p>\n<p class=\"mb-6\">Entre tanto, se solventar\u00e1n los pagos pendientes a los estudiantes residentes, as\u00ed como a los estudiantes que brindan su servicio social.<\/p>\n<p class=\"mb-6\">Garantizar que ning\u00fan estudiante de la UNAH ser\u00e1 objeto de represalia por parte de autoridades y asistenciales dependientes de la SESAL y que tengan relaci\u00f3n directa o indirecta con estudiantes.<\/p>\n<p class=\"mb-6\">Por su parte, la UNAH se compromete abrir m\u00e1s cupos a nivel de grado y posgrado para la cobertura necesaria de atenci\u00f3n en hospitales y centros de salud del interior del pa\u00eds. Garantizar la transparencia en el manejo de asignaci\u00f3n de becas a los internados y los posgrados, con la participaci\u00f3n y veedur\u00eda de la SESAL. Los estudiantes deber\u00e1n comprometerse con la sostenibilidad del sistema sanitario, capaces de abordar los desaf\u00edos actuales y futuros de manera efectiva y responsable.<\/p>\n<p class=\"mb-6\">El plan de trabajo acordado por las partes lo integraran los decanos de las facultades de Ciencias, Ciencias M\u00e9dicas, Ciencias Qu\u00edmicas y Farmacia, Odontolog\u00eda; y por la SESAL el director del Hospital Escuela Herbert L\u00f3pez y los directores del Desarrollo del Recurso Humano y de las Redes Integrales de Servicio Social.<\/p>\n<p>Fuente: latribuna.hn<\/p>\n<\/div>\n","protected":false},"excerpt":{"rendered":"<p>Tegucigalpa. 06.05.2024 Las autoridades de la Universidad Nacional Aut\u00f3noma de Honduras (UNAH) y de la Secretar\u00eda de Salud (SESAL) logran acuerdo interinstitucional que pone fin al conflicto generado d\u00edas atras en caso de los estudiantes de medicina en el Hospital Escuela y otros centros asistenciales del pa\u00eds. NOTA Tras el di\u00e1logo p\u00fablico entre autoridades de &hellip;<\/p>\n","protected":false},"author":0,"featured_media":71768,"comment_status":"open","ping_status":"open","sticky":false,"template":"","format":"standard","meta":{"_jetpack_memberships_contains_paid_content":false,"footnotes":""},"categories":[5],"tags":[],"class_list":["post-71767","post","type-post","status-publish","format-standard","has-post-thumbnail","","category-noticias"],"jetpack_sharing_enabled":true,"jetpack_featured_media_url":"https:\/\/mickyandoniehn.com\/radio\/wp-content\/uploads\/2024\/05\/UNAH-SESAL-HE-2-LiybWW.jpeg","_links":{"self":[{"href":"https:\/\/mickyandoniehn.com\/radio\/wp-json\/wp\/v2\/posts\/71767","targetHints":{"allow":["GET"]}}],"collection":[{"href":"https:\/\/mickyandoniehn.com\/radio\/wp-json\/wp\/v2\/posts"}],"about":[{"href":"https:\/\/mickyandoniehn.com\/radio\/wp-json\/wp\/v2\/types\/post"}],"replies":[{"embeddable":true,"href":"https:\/\/mickyandoniehn.com\/radio\/wp-json\/wp\/v2\/comments?post=71767"}],"version-history":[{"count":0,"href":"https:\/\/mickyandoniehn.com\/radio\/wp-json\/wp\/v2\/posts\/71767\/revisions"}],"wp:featuredmedia":[{"embeddable":true,"href":"https:\/\/mickyandoniehn.com\/radio\/wp-json\/wp\/v2\/media\/71768"}],"wp:attachment":[{"href":"https:\/\/mickyandoniehn.com\/radio\/wp-json\/wp\/v2\/media?parent=71767"}],"wp:term":[{"taxonomy":"category","embeddable":true,"href":"https:\/\/mickyandoniehn.com\/radio\/wp-json\/wp\/v2\/categories?post=71767"},{"taxonomy":"post_tag","embeddable":true,"href":"https:\/\/mickyandoniehn.com\/radio\/wp-json\/wp\/v2\/tags?post=71767"}],"curies":[{"name":"wp","href":"https:\/\/api.w.org\/{rel}","templated":true}]}}