{"id":71743,"date":"2024-05-06T12:12:31","date_gmt":"2024-05-06T18:12:31","guid":{"rendered":"http:\/\/mickyandoniehn.com\/radio\/2024\/05\/06\/ambientalista-instan-a-la-poblacion-a-tomar-medidas-ante-el-preocupante-aumento-de-la-contaminacion-del-aire\/"},"modified":"2024-05-06T12:12:31","modified_gmt":"2024-05-06T18:12:31","slug":"ambientalista-instan-a-la-poblacion-a-tomar-medidas-ante-el-preocupante-aumento-de-la-contaminacion-del-aire","status":"publish","type":"post","link":"https:\/\/mickyandoniehn.com\/radio\/2024\/05\/06\/ambientalista-instan-a-la-poblacion-a-tomar-medidas-ante-el-preocupante-aumento-de-la-contaminacion-del-aire\/","title":{"rendered":"Ambientalista instan a la poblaci\u00f3n a tomar medidas ante el preocupante aumento de la contaminaci\u00f3n del aire"},"content":{"rendered":"<\/p>\n<div class=\"flex flex-grow flex-col max-w-full\">\n<div class=\"min-h-[20px] text-message flex flex-col items-start whitespace-pre-wrap break-words [.text-message+&amp;]:mt-5 overflow-x-auto gap-3\">\n<div class=\"markdown prose w-full break-words dark:prose-invert light\">\n<p class=\"mb-6\">Ante el preocupante aumento de la contaminaci\u00f3n del aire en Tegucigalpa, el activista ambiental Carlos Pineda Fasquelle ha emitido un llamado urgente a la poblaci\u00f3n para que tome medidas preventivas y proteja su salud.<\/p>\n<p class=\"mb-6\">Pineda Fasquelle resalt\u00f3 la importancia de seguir las recomendaciones de los m\u00e9dicos en cuanto al uso de mascarillas para evitar complicaciones en la salud debido a la mala calidad del aire. Subray\u00f3 que es esencial que se realicen mediciones regulares de la calidad del aire en Tegucigalpa y San Pedro Sula para mantener un control sobre los niveles de contaminaci\u00f3n.<\/p>\n<p class=\"mb-6\">El activista ambiental se\u00f1al\u00f3 que la contaminaci\u00f3n atmosf\u00e9rica en la regi\u00f3n proviene de diversas fuentes, incluyendo la flota vehicular, el transporte p\u00fablico y los incendios. Adem\u00e1s, mencion\u00f3 que el humo proveniente de quemas de desechos y vegetaci\u00f3n, as\u00ed como de pa\u00edses vecinos como Nicaragua, El Salvador y Guatemala, agrava a\u00fan m\u00e1s la red de contaminaci\u00f3n.<\/p>\n<p class=\"mb-6\">\n<p class=\"mb-6\">Ante esta situaci\u00f3n, Pineda Fasquelle hizo un llamado a la poblaci\u00f3n para que evite las quemas y racionalice el uso de veh\u00edculos como medidas preventivas. Destac\u00f3 la importancia de protegerse de enfermedades respiratorias, cardiovasculares y problemas de la vista como la conjuntivitis, siguiendo las recomendaciones de los profesionales de la salud.<\/p>\n<p class=\"mb-6\">El activista enfatiz\u00f3 que la instalaci\u00f3n de dispositivos de monitoreo y las medidas de concienciaci\u00f3n son pasos importantes para abordar el problema de la contaminaci\u00f3n del aire, pero subray\u00f3 que es responsabilidad de cada individuo proteger su salud adoptando medidas preventivas adecuadas.<\/p>\n<\/div>\n<\/div>\n<\/div>\n<div class=\"mt-1 flex gap-3 empty:hidden\">\n<div class=\"text-xs flex items-center justify-center gap-1 self-center visible\"><\/div>\n<\/div>\n","protected":false},"excerpt":{"rendered":"<p>Ante el preocupante aumento de la contaminaci\u00f3n del aire en Tegucigalpa, el activista ambiental Carlos Pineda Fasquelle ha emitido un llamado urgente a la poblaci\u00f3n para que tome medidas preventivas y proteja su salud. Pineda Fasquelle resalt\u00f3 la importancia de seguir las recomendaciones de los m\u00e9dicos en cuanto al uso de mascarillas para evitar complicaciones &hellip;<\/p>\n","protected":false},"author":0,"featured_media":71744,"comment_status":"open","ping_status":"open","sticky":false,"template":"","format":"standard","meta":{"_jetpack_memberships_contains_paid_content":false,"footnotes":""},"categories":[5],"tags":[],"class_list":["post-71743","post","type-post","status-publish","format-standard","has-post-thumbnail","","category-noticias"],"jetpack_sharing_enabled":true,"jetpack_featured_media_url":"https:\/\/mickyandoniehn.com\/radio\/wp-content\/uploads\/2024\/05\/Activista-ambiental-insta-a-la-poblacion-de-Tegucigalpa-a-tomar-medidas-ante-el-preocupante-aumento-de-la-contaminacion-del-aire-fIwC1X.jpeg","_links":{"self":[{"href":"https:\/\/mickyandoniehn.com\/radio\/wp-json\/wp\/v2\/posts\/71743","targetHints":{"allow":["GET"]}}],"collection":[{"href":"https:\/\/mickyandoniehn.com\/radio\/wp-json\/wp\/v2\/posts"}],"about":[{"href":"https:\/\/mickyandoniehn.com\/radio\/wp-json\/wp\/v2\/types\/post"}],"replies":[{"embeddable":true,"href":"https:\/\/mickyandoniehn.com\/radio\/wp-json\/wp\/v2\/comments?post=71743"}],"version-history":[{"count":0,"href":"https:\/\/mickyandoniehn.com\/radio\/wp-json\/wp\/v2\/posts\/71743\/revisions"}],"wp:featuredmedia":[{"embeddable":true,"href":"https:\/\/mickyandoniehn.com\/radio\/wp-json\/wp\/v2\/media\/71744"}],"wp:attachment":[{"href":"https:\/\/mickyandoniehn.com\/radio\/wp-json\/wp\/v2\/media?parent=71743"}],"wp:term":[{"taxonomy":"category","embeddable":true,"href":"https:\/\/mickyandoniehn.com\/radio\/wp-json\/wp\/v2\/categories?post=71743"},{"taxonomy":"post_tag","embeddable":true,"href":"https:\/\/mickyandoniehn.com\/radio\/wp-json\/wp\/v2\/tags?post=71743"}],"curies":[{"name":"wp","href":"https:\/\/api.w.org\/{rel}","templated":true}]}}