{"id":71725,"date":"2024-05-04T08:12:40","date_gmt":"2024-05-04T14:12:40","guid":{"rendered":"http:\/\/mickyandoniehn.com\/radio\/2024\/05\/04\/en-tres-meses-estaria-funcionando-hospital-provincial-en-roatan-segun-la-sesal\/"},"modified":"2024-05-04T08:12:40","modified_gmt":"2024-05-04T14:12:40","slug":"en-tres-meses-estaria-funcionando-hospital-provincial-en-roatan-segun-la-sesal","status":"publish","type":"post","link":"https:\/\/mickyandoniehn.com\/radio\/2024\/05\/04\/en-tres-meses-estaria-funcionando-hospital-provincial-en-roatan-segun-la-sesal\/","title":{"rendered":"En tres meses estar\u00eda funcionando hospital provincial en Roat\u00e1n, seg\u00fan la Sesal"},"content":{"rendered":"<\/p>\n<p>El subsecretario de Salud (SESAL), Brian Erazo, expres\u00f3 que despu\u00e9s del incendio en el Hospital de Roat\u00e1n, no han parado de brindar esfuerzos para atender a la poblaci\u00f3n, as\u00ed como tambi\u00e9n anunci\u00f3 que el Proyecto del Hospital Provincial estar\u00eda listo en 3 meses, es decir aproximadamente 10 semanas.<\/p>\n<p>Los esfuerzos son continuos para garantizar soluciones en salud para la poblaci\u00f3n de Roat\u00e1n, tras el devastador incendio que redujo a cenizas el Hospital local, asegur\u00f3 el subsecretario.<\/p>\n<p>Erazo, se\u00f1al\u00f3 que de manera paralela con la Secretar\u00eda de Infraestructura y Transporte desde el d\u00eda uno ha estado trabajando con su maquinaria y ya se est\u00e1 terminando la etapa de terracer\u00eda, para lo que ser\u00e1 el Hospital Provincial de Roat\u00e1n que va estar funcionando en 3 meses, b\u00e1sicamente ser\u00e1n 10 semanas<\/p>\n<p><a href=\"https:\/\/i0.wp.com\/hondudiario.com\/wp-content\/uploads\/2024\/05\/WhatsApp-Image-2024-05-03-at-9.02.25-AM.jpeg?ssl=1\"><\/a><\/p>\n<p>\u201cHemos sido testigo que desde el d\u00eda siguiente del incendio se ha estado trabajando en los predios del hospital\u201d, asegur\u00f3 Erazo.<\/p>\n<p>Adem\u00e1s, Erazo asegur\u00f3 que se ha logrado reponer el 80% de los insumos y medicamentos necesarios para la atenci\u00f3n m\u00e9dica, recordando que el incendio destruy\u00f3 el 100% del inventario previo del hospital. Desde el primer d\u00eda, se ha coordinado el env\u00edo de suministros m\u00e9dicos por v\u00eda a\u00e9rea y mar\u00edtima para restablecer el inventario y garantizar una atenci\u00f3n adecuada a la poblaci\u00f3n afectada.<\/p>\n<p>Se sigue el trabajo del gobierno y las autoridades de salud para restaurar los servicios esenciales de atenci\u00f3n m\u00e9dica en Roat\u00e1n tras esta tragedia, indic\u00f3 el subsecretario.\u00a0<strong>FM\/Hondudiario.<\/strong><\/p>\n","protected":false},"excerpt":{"rendered":"<p>El subsecretario de Salud (SESAL), Brian Erazo, expres\u00f3 que despu\u00e9s del incendio en el Hospital de Roat\u00e1n, no han parado de brindar esfuerzos para atender a la poblaci\u00f3n, as\u00ed como tambi\u00e9n anunci\u00f3 que el Proyecto del Hospital Provincial estar\u00eda listo en 3 meses, es decir aproximadamente 10 semanas. Los esfuerzos son continuos para garantizar soluciones &hellip;<\/p>\n","protected":false},"author":0,"featured_media":71726,"comment_status":"open","ping_status":"open","sticky":false,"template":"","format":"standard","meta":{"_jetpack_memberships_contains_paid_content":false,"footnotes":""},"categories":[5],"tags":[],"class_list":["post-71725","post","type-post","status-publish","format-standard","has-post-thumbnail","","category-noticias"],"jetpack_sharing_enabled":true,"jetpack_featured_media_url":"https:\/\/mickyandoniehn.com\/radio\/wp-content\/uploads\/2024\/05\/WhatsApp-Image-2024-05-03-at-9.02.23-AM-1-uQEdfU.jpeg","_links":{"self":[{"href":"https:\/\/mickyandoniehn.com\/radio\/wp-json\/wp\/v2\/posts\/71725","targetHints":{"allow":["GET"]}}],"collection":[{"href":"https:\/\/mickyandoniehn.com\/radio\/wp-json\/wp\/v2\/posts"}],"about":[{"href":"https:\/\/mickyandoniehn.com\/radio\/wp-json\/wp\/v2\/types\/post"}],"replies":[{"embeddable":true,"href":"https:\/\/mickyandoniehn.com\/radio\/wp-json\/wp\/v2\/comments?post=71725"}],"version-history":[{"count":0,"href":"https:\/\/mickyandoniehn.com\/radio\/wp-json\/wp\/v2\/posts\/71725\/revisions"}],"wp:featuredmedia":[{"embeddable":true,"href":"https:\/\/mickyandoniehn.com\/radio\/wp-json\/wp\/v2\/media\/71726"}],"wp:attachment":[{"href":"https:\/\/mickyandoniehn.com\/radio\/wp-json\/wp\/v2\/media?parent=71725"}],"wp:term":[{"taxonomy":"category","embeddable":true,"href":"https:\/\/mickyandoniehn.com\/radio\/wp-json\/wp\/v2\/categories?post=71725"},{"taxonomy":"post_tag","embeddable":true,"href":"https:\/\/mickyandoniehn.com\/radio\/wp-json\/wp\/v2\/tags?post=71725"}],"curies":[{"name":"wp","href":"https:\/\/api.w.org\/{rel}","templated":true}]}}