{"id":71711,"date":"2024-05-04T08:12:34","date_gmt":"2024-05-04T14:12:34","guid":{"rendered":"http:\/\/mickyandoniehn.com\/radio\/2024\/05\/04\/lo-que-realmente-sabemos-y-lo-que-no-sobre-la-denuncia-a-astrazeneca-y-los-trombos-causados-por-la-vacuna-del-covid\/"},"modified":"2024-05-04T08:12:34","modified_gmt":"2024-05-04T14:12:34","slug":"lo-que-realmente-sabemos-y-lo-que-no-sobre-la-denuncia-a-astrazeneca-y-los-trombos-causados-por-la-vacuna-del-covid","status":"publish","type":"post","link":"https:\/\/mickyandoniehn.com\/radio\/2024\/05\/04\/lo-que-realmente-sabemos-y-lo-que-no-sobre-la-denuncia-a-astrazeneca-y-los-trombos-causados-por-la-vacuna-del-covid\/","title":{"rendered":"Lo que realmente sabemos (y lo que no) sobre la denuncia a AstraZeneca y los trombos causados por la vacuna del covid"},"content":{"rendered":"<\/p>\n<p>En los \u00faltimos d\u00edas, varios medios se han hecho eco de que \u00abAstraZeneca admite que\u00a0<a href=\"https:\/\/www.elmundo.es\/ciencia-y-salud\/salud\/2024\/05\/02\/66338434e9cf4ab74b8b457d.html\">su vacuna contra el COVID-19 puede puede provocar efectos secundarios<\/a>\u00a0como la trombosis\u00bb. En concreto, hablamos de trombos. Y, m\u00e1s all\u00e1 del titular y la historia, no deja de llamar la atenci\u00f3n que sea noticia algo sobre lo que\u00a0<a href=\"https:\/\/www.xataka.com\/magnet\/beneficios-vacuna-astrazeneca-muy-superiores-a-sus-riesgos-este-grafico-explic\">corrieron r\u00edos de tinta<\/a>\u00a0durante todo el a\u00f1o 2021.<\/p>\n<p>\u00bfPor qu\u00e9 se vuelve a hablar de la vacuna de Oxford y su relaci\u00f3n con la trombosis?<\/p>\n<p><strong>Un juicio en Reino Unido.<\/strong>\u00a0El origen de todo esto est\u00e1 en\u00a0<a href=\"https:\/\/www.telegraph.co.uk\/news\/2024\/04\/28\/astrazeneca-admits-covid-vaccine-causes-rare-side-effect\/\">un reportaje del Daily Telegraph<\/a>. En el Reino Unido, la farmac\u00e9utica se enfrenta a una demanda colectiva que asegura que la vacuna caus\u00f3 la muerte y\/o lesiones graves a 51 casos en todo el pa\u00eds. La demanda est\u00e1 siendo estudiada en los tribunales brit\u00e1nicos y, en caso de estimarse, se calcula que los da\u00f1os y perjuicios ser\u00e1n de unos 100 millones de euros.<\/p>\n<p>En ese contexto,\u00a0<a href=\"https:\/\/www.telegraph.co.uk\/news\/2024\/04\/28\/astrazeneca-admits-covid-vaccine-causes-rare-side-effect\/\">el Telegraph explicaba<\/a>\u00a0que AstraZeneca habr\u00eda reconocido que, en algunos casos muy raros, ese efecto secundario pod\u00eda darse. Seg\u00fan el peri\u00f3dico, es la primera vez que lo hace en sede judicial. Sin embargo,\u00a0<a href=\"https:\/\/cima.aemps.es\/cima\/dochtml\/p\/1211529001\/P_1211529001.html\">lleva a\u00f1os en el prospecto<\/a>.<\/p>\n<p><strong>Sin embargo, es algo que se discuti\u00f3 mucho.<\/strong>\u00a0Y que, de hecho,\u00a0<a href=\"https:\/\/www.xataka.com\/medicina-y-salud\/que-sabemos-mayor-prevalencia-trombos-mujeres-jovenes-vacunadas-astrazeneca-janssen\">hizo que se cambiaran las recomendaciones<\/a>\u00a0en torno a la vacuna. En marzo de 2021, poco despu\u00e9s de que se empezara a inmunizar masivamente, salieron a la luz los primeros casos de trombosis en los senos venosos. Y durante esos meses,\u00a0<a href=\"https:\/\/www.xataka.com\/medicina-y-salud\/astrazeneca-segura-efectiva-no-esta-relacionada-trombosis-agencia-europea-medicamento-se-reafirma-su-apoyo-a-vacuna-que-ha-decidido-ema-que-pasara-ahora\">el problema se discuti\u00f3 y se investig\u00f3 a fondo<\/a>.<\/p>\n<p>La conclusi\u00f3n final de las distintas administraciones sanitarias fue que, aunque\u00a0<a href=\"https:\/\/www.xataka.com\/medicina-y-salud\/esta-claro-que-hay-vinculo-vacuna-responsable-ema-confirma-vinculo-astrazeneca-trombos-visperas-nuevo-informe-europeo\">no se pod\u00eda determinar el mecanismo<\/a>\u00a0por el que la vacuna los provocaba, s\u00ed \u00ab<a href=\"https:\/\/www.xataka.com\/medicina-y-salud\/esta-claro-que-hay-vinculo-vacuna-responsable-ema-confirma-vinculo-astrazeneca-trombos-visperas-nuevo-informe-europeo\">estaba claro que alg\u00fan v\u00ednculo con la vacuna parec\u00eda existir<\/a>\u00ab. Eso impuls\u00f3 que se concentrara su uso en personas mayores (donde el problema ten\u00eda menor incidencia) y que se abortaran estudios como el que probar\u00eda la vacuna en ni\u00f1os.<\/p>\n<p>Y, pese a eso, se sigui\u00f3 usando la vacuna de forma masiva. El motivo,\u00a0<a href=\"https:\/\/www.xataka.com\/medicina-y-salud\/esta-claro-que-hay-vinculo-vacuna-responsable-ema-confirma-vinculo-astrazeneca-trombos-visperas-nuevo-informe-europeo\">como explicaba Marco Cavaleri<\/a>, jefe de estrategia de vacunas de la Agencia Europea de Medicamentos (EMA), es que los riesgos segu\u00edan sin superar a los beneficios.<\/p>\n<p><strong>\u00bfQu\u00e9 se discute en el juicio?<\/strong>\u00a0En principio, hay dos grandes temas a dilucidar en el juicio: la primera cuesti\u00f3n es si las vacunas provocaron todos esos casos. Hay que recordar que la enfermedad se puede dar sin que medie la vacuna, por lo que\u00a0<a href=\"https:\/\/www.telegraph.co.uk\/news\/2024\/04\/28\/astrazeneca-admits-covid-vaccine-causes-rare-side-effect\/\">los abogados de AstraZeneca han insistido<\/a>\u00a0reiteradamente en que no se puede adjudicar a la vacuna todos los problemas que sucedieran despu\u00e9s de su aplicaci\u00f3n sin un peritaje exhaustivo.<\/p>\n<p>La segunda cuesti\u00f3n a determinar es si la farmac\u00e9utica debe de indemnizar a los afectados. Para ello,\u00a0<a href=\"https:\/\/www.telegraph.co.uk\/news\/2024\/04\/28\/astrazeneca-admits-covid-vaccine-causes-rare-side-effect\/\">seg\u00fan parece<\/a>, los abogados tendr\u00e1n que demostrar que el balance riesgos\/beneficios no era el que aseguraba la empresa. No es algo f\u00e1cil y, precisamente por ello, la demanda ha tardado tres a\u00f1os en admitirse.<\/p>\n<p>Sea como sea, se trata de una cuesti\u00f3n con derivadas t\u00e9cnicas, jur\u00eddicas y de imagen: pero no financieras. En ning\u00fan caso, AstraZeneca pagar\u00e1 las indemnizaciones. All\u00e1 en 2020 y para \u00abcompensar\u00bb el riesgo derivado de poner la vacuna en circulaci\u00f3n, el Gobierno ingl\u00e9s (como muchos otros)\u00a0<a href=\"https:\/\/www.newmedicaleconomics.es\/derecho-sanitario-2\/responsabilidad-por-efectos-adversos-de-las-vacunas-contra-la-covid-19\/\">lleg\u00f3 un acuerdo con la empresa<\/a>\u00a0por el que asumir\u00eda todo los costos derivados de acciones judiciales.<\/p>\n","protected":false},"excerpt":{"rendered":"<p>En los \u00faltimos d\u00edas, varios medios se han hecho eco de que \u00abAstraZeneca admite que\u00a0su vacuna contra el COVID-19 puede puede provocar efectos secundarios\u00a0como la trombosis\u00bb. En concreto, hablamos de trombos. Y, m\u00e1s all\u00e1 del titular y la historia, no deja de llamar la atenci\u00f3n que sea noticia algo sobre lo que\u00a0corrieron r\u00edos de tinta\u00a0durante &hellip;<\/p>\n","protected":false},"author":0,"featured_media":71712,"comment_status":"open","ping_status":"open","sticky":false,"template":"","format":"standard","meta":{"_jetpack_memberships_contains_paid_content":false,"footnotes":""},"categories":[5],"tags":[],"class_list":["post-71711","post","type-post","status-publish","format-standard","has-post-thumbnail","","category-noticias"],"jetpack_sharing_enabled":true,"jetpack_featured_media_url":"https:\/\/mickyandoniehn.com\/radio\/wp-content\/uploads\/2024\/05\/500_333-yeGE48.jpeg","_links":{"self":[{"href":"https:\/\/mickyandoniehn.com\/radio\/wp-json\/wp\/v2\/posts\/71711","targetHints":{"allow":["GET"]}}],"collection":[{"href":"https:\/\/mickyandoniehn.com\/radio\/wp-json\/wp\/v2\/posts"}],"about":[{"href":"https:\/\/mickyandoniehn.com\/radio\/wp-json\/wp\/v2\/types\/post"}],"replies":[{"embeddable":true,"href":"https:\/\/mickyandoniehn.com\/radio\/wp-json\/wp\/v2\/comments?post=71711"}],"version-history":[{"count":0,"href":"https:\/\/mickyandoniehn.com\/radio\/wp-json\/wp\/v2\/posts\/71711\/revisions"}],"wp:featuredmedia":[{"embeddable":true,"href":"https:\/\/mickyandoniehn.com\/radio\/wp-json\/wp\/v2\/media\/71712"}],"wp:attachment":[{"href":"https:\/\/mickyandoniehn.com\/radio\/wp-json\/wp\/v2\/media?parent=71711"}],"wp:term":[{"taxonomy":"category","embeddable":true,"href":"https:\/\/mickyandoniehn.com\/radio\/wp-json\/wp\/v2\/categories?post=71711"},{"taxonomy":"post_tag","embeddable":true,"href":"https:\/\/mickyandoniehn.com\/radio\/wp-json\/wp\/v2\/tags?post=71711"}],"curies":[{"name":"wp","href":"https:\/\/api.w.org\/{rel}","templated":true}]}}