{"id":71707,"date":"2024-05-04T05:12:36","date_gmt":"2024-05-04T11:12:36","guid":{"rendered":"https:\/\/mickyandoniehn.com\/radio\/2024\/05\/04\/04-de-mayo-dia-internacional-del-combate-contra-los-incendios-forestales\/"},"modified":"2024-05-04T05:12:36","modified_gmt":"2024-05-04T11:12:36","slug":"04-de-mayo-dia-internacional-del-combate-contra-los-incendios-forestales","status":"publish","type":"post","link":"https:\/\/mickyandoniehn.com\/radio\/2024\/05\/04\/04-de-mayo-dia-internacional-del-combate-contra-los-incendios-forestales\/","title":{"rendered":"04 De Mayo-D\u00eda Internacional del combate contra los incendios forestales"},"content":{"rendered":"<\/p>\n<p>En esta fecha, se busca concientizar sobre la importancia de la prevenci\u00f3n y el combate de los incendios forestales, los cuales representan una gran amenaza para la biodiversidad, el medio ambiente y la vida de las personas.<\/p>\n<p>Los incendios forestales son una de las mayores amenazas para el medio ambiente, ya que destruyen bosques y ecosistemas, afectando la biodiversidad y el equilibrio ecol\u00f3gico. Adem\u00e1s, estos incendios tienen un impacto negativo en la salud de las personas y pueden causar grandes p\u00e9rdidas econ\u00f3micas.<\/p>\n<p>Es por ello que es necesario contar con un enfoque integrado para prevenir y combatir los incendios forestales. Esto incluye la educaci\u00f3n y concientizaci\u00f3n sobre el peligro que representan estos incendios, as\u00ed como el desarrollo de pol\u00edticas y programas para reducir el riesgo de incendios y mejorar la capacidad de respuesta en caso de emergencias.<\/p>\n<p>Es importante mencionar que los incendios forestales son en gran medida causados por la acci\u00f3n humana, ya sea de manera intencional o accidental. Por lo tanto, es fundamental tomar medidas de prevenci\u00f3n como no arrojar cigarrillos en lugares inadecuados, no hacer fogatas en \u00e1reas no permitidas, entre otras.<\/p>\n<p>En conclusi\u00f3n, el D\u00eda Internacional del Combate contra los Incendios Forestales nos recuerda la importancia de prevenir y combatir los incendios forestales para proteger la biodiversidad y el medio ambiente, as\u00ed como la seguridad de las personas y las comunidades. Todos podemos contribuir a la prevenci\u00f3n de incendios forestales, y es necesario trabajar juntos para desarrollar estrategias de prevenci\u00f3n y respuesta efectivas.<\/p><\/p>\n","protected":false},"excerpt":{"rendered":"<p>En esta fecha, se busca concientizar sobre la importancia de la prevenci\u00f3n y el combate de los incendios forestales, los cuales representan una gran amenaza para la biodiversidad, el medio ambiente y la vida de las personas. Los incendios forestales son una de las mayores amenazas para el medio ambiente, ya que destruyen bosques y &hellip;<\/p>\n","protected":false},"author":0,"featured_media":71708,"comment_status":"open","ping_status":"open","sticky":false,"template":"","format":"standard","meta":{"_jetpack_memberships_contains_paid_content":false,"footnotes":""},"categories":[5],"tags":[],"class_list":["post-71707","post","type-post","status-publish","format-standard","has-post-thumbnail","","category-noticias"],"jetpack_sharing_enabled":true,"jetpack_featured_media_url":"https:\/\/mickyandoniehn.com\/radio\/wp-content\/uploads\/2024\/05\/01-28-dIsawm.jpeg","_links":{"self":[{"href":"https:\/\/mickyandoniehn.com\/radio\/wp-json\/wp\/v2\/posts\/71707","targetHints":{"allow":["GET"]}}],"collection":[{"href":"https:\/\/mickyandoniehn.com\/radio\/wp-json\/wp\/v2\/posts"}],"about":[{"href":"https:\/\/mickyandoniehn.com\/radio\/wp-json\/wp\/v2\/types\/post"}],"replies":[{"embeddable":true,"href":"https:\/\/mickyandoniehn.com\/radio\/wp-json\/wp\/v2\/comments?post=71707"}],"version-history":[{"count":0,"href":"https:\/\/mickyandoniehn.com\/radio\/wp-json\/wp\/v2\/posts\/71707\/revisions"}],"wp:featuredmedia":[{"embeddable":true,"href":"https:\/\/mickyandoniehn.com\/radio\/wp-json\/wp\/v2\/media\/71708"}],"wp:attachment":[{"href":"https:\/\/mickyandoniehn.com\/radio\/wp-json\/wp\/v2\/media?parent=71707"}],"wp:term":[{"taxonomy":"category","embeddable":true,"href":"https:\/\/mickyandoniehn.com\/radio\/wp-json\/wp\/v2\/categories?post=71707"},{"taxonomy":"post_tag","embeddable":true,"href":"https:\/\/mickyandoniehn.com\/radio\/wp-json\/wp\/v2\/tags?post=71707"}],"curies":[{"name":"wp","href":"https:\/\/api.w.org\/{rel}","templated":true}]}}