{"id":71681,"date":"2024-05-03T12:12:33","date_gmt":"2024-05-03T18:12:33","guid":{"rendered":"https:\/\/mickyandoniehn.com\/radio\/2024\/05\/03\/piden-uso-de-mascarilla-por-contaminacion-peligrosa-en-el-distrito-central\/"},"modified":"2024-05-03T12:12:33","modified_gmt":"2024-05-03T18:12:33","slug":"piden-uso-de-mascarilla-por-contaminacion-peligrosa-en-el-distrito-central","status":"publish","type":"post","link":"https:\/\/mickyandoniehn.com\/radio\/2024\/05\/03\/piden-uso-de-mascarilla-por-contaminacion-peligrosa-en-el-distrito-central\/","title":{"rendered":"Piden uso de mascarilla por contaminaci\u00f3n \u201cpeligrosa\u201d en el Distrito Central"},"content":{"rendered":"<\/p>\n<p class=\"mb-6\">Niveles de contaminaci\u00f3n cr\u00edticos, no saludables y peligrosos se respiran en el Distrito Central, al punto que se pide a capitalinos, el uso de mascarillas, seg\u00fan una alerta sobre la calidad del aire emitida hoy viernes por la Alcald\u00eda Municipal del Distrito Central (AMDC).<\/p>\n<p class=\"mb-6\">\u201cLa escala del \u00cdndice de Calidad de Aire (ICA) en el Distrito Central es entre 300 a 500 PM2.5, es decir, que es peligroso para los capitalinos. Te recomendamos cerrar puertas y ventanas, utilizar mascarillas y evitar realizar actividades al aire libre\u201d se\u00f1al\u00f3 la alerta.<\/p>\n<p class=\"mb-6\">Seg\u00fan lo emitido por la AMDC, el PM2.5 son part\u00edculas s\u00f3lidas o l\u00edquidas, que se encuentran en suspensi\u00f3n aerodin\u00e1mica e incluye sustancias qu\u00edmicas org\u00e1nicas, polvo, holl\u00edn y metales y proceden fundamentalmente de la actividad humana.<\/p>\n<p class=\"mb-6\">En ese contexto, ese nivel es considerado como un contaminante atmosf\u00e9rico por sus efectos nocivos sobre la salud. \u201cQueremos aclarar que la bruma que se observa hoy en el Distrito Central no est\u00e1 relacionada con incendios forestales\u201d agreg\u00f3 el reporte de la Unidad Municipal de Gesti\u00f3n Integral de Riesgo.<\/p>\n<p class=\"mb-6\">\u201cEn este momento est\u00e1 ocurriendo por una cu\u00f1a de alta presi\u00f3n atmosf\u00e9rica. Durante este fen\u00f3meno cuando el aire caliente y h\u00famedo se enfr\u00eda, provoca que el vapor de agua contenido en el aire se condense en peque\u00f1as gotas de agua generando bruma, a la cual puede adherirse part\u00edculas de polvo\u201d de acuerdo con la explicaci\u00f3n.<\/p>\n<p class=\"mb-6\">Aunque se han registrado 28 incendios forestales en los \u00faltimos 15 d\u00edas en el Distrito Central, la mayor\u00eda de estos ocurrieron en otros municipios.<\/p>\n<p class=\"mb-6\">\n","protected":false},"excerpt":{"rendered":"<p>Niveles de contaminaci\u00f3n cr\u00edticos, no saludables y peligrosos se respiran en el Distrito Central, al punto que se pide a capitalinos, el uso de mascarillas, seg\u00fan una alerta sobre la calidad del aire emitida hoy viernes por la Alcald\u00eda Municipal del Distrito Central (AMDC). \u201cLa escala del \u00cdndice de Calidad de Aire (ICA) en el &hellip;<\/p>\n","protected":false},"author":0,"featured_media":71682,"comment_status":"open","ping_status":"open","sticky":false,"template":"","format":"standard","meta":{"_jetpack_memberships_contains_paid_content":false,"footnotes":""},"categories":[5],"tags":[],"class_list":["post-71681","post","type-post","status-publish","format-standard","has-post-thumbnail","","category-noticias"],"jetpack_sharing_enabled":true,"jetpack_featured_media_url":"https:\/\/mickyandoniehn.com\/radio\/wp-content\/uploads\/2024\/05\/HUMO-PjNPJE.jpeg","_links":{"self":[{"href":"https:\/\/mickyandoniehn.com\/radio\/wp-json\/wp\/v2\/posts\/71681","targetHints":{"allow":["GET"]}}],"collection":[{"href":"https:\/\/mickyandoniehn.com\/radio\/wp-json\/wp\/v2\/posts"}],"about":[{"href":"https:\/\/mickyandoniehn.com\/radio\/wp-json\/wp\/v2\/types\/post"}],"replies":[{"embeddable":true,"href":"https:\/\/mickyandoniehn.com\/radio\/wp-json\/wp\/v2\/comments?post=71681"}],"version-history":[{"count":0,"href":"https:\/\/mickyandoniehn.com\/radio\/wp-json\/wp\/v2\/posts\/71681\/revisions"}],"wp:featuredmedia":[{"embeddable":true,"href":"https:\/\/mickyandoniehn.com\/radio\/wp-json\/wp\/v2\/media\/71682"}],"wp:attachment":[{"href":"https:\/\/mickyandoniehn.com\/radio\/wp-json\/wp\/v2\/media?parent=71681"}],"wp:term":[{"taxonomy":"category","embeddable":true,"href":"https:\/\/mickyandoniehn.com\/radio\/wp-json\/wp\/v2\/categories?post=71681"},{"taxonomy":"post_tag","embeddable":true,"href":"https:\/\/mickyandoniehn.com\/radio\/wp-json\/wp\/v2\/tags?post=71681"}],"curies":[{"name":"wp","href":"https:\/\/api.w.org\/{rel}","templated":true}]}}