{"id":71677,"date":"2024-05-03T12:12:31","date_gmt":"2024-05-03T18:12:31","guid":{"rendered":"https:\/\/mickyandoniehn.com\/radio\/2024\/05\/03\/muralistas-extranjeros-y-nacionales-exponen-pinturas-en-acuario\/"},"modified":"2024-05-03T12:12:31","modified_gmt":"2024-05-03T18:12:31","slug":"muralistas-extranjeros-y-nacionales-exponen-pinturas-en-acuario","status":"publish","type":"post","link":"https:\/\/mickyandoniehn.com\/radio\/2024\/05\/03\/muralistas-extranjeros-y-nacionales-exponen-pinturas-en-acuario\/","title":{"rendered":"Muralistas extranjeros y nacionales exponen pinturas en acuario"},"content":{"rendered":"<\/p>\n<p class=\"mb-6\"><em><strong>TELA, Atl\u00e1ntida.<\/strong><\/em> 01.05.2024<\/p>\n<p class=\"mb-6\">En el magn\u00edfico entorno del acuario Tela Marine, se desarroll\u00f3 una destacada exposici\u00f3n de pinturas, resaltando el talento de artistas extranjeros y nacionales que han sido parte del \u201cV Guancasco de Muralistas de los pa\u00edses del mundo\u201d, con ocasi\u00f3n de los 500 a\u00f1os de fundaci\u00f3n de Tela.<\/p>\n<p class=\"mb-6\">El evento fue una plataforma para artistas procedentes de diversos pa\u00edses, incluyendo Venezuela, Ecuador, El Salvador, M\u00e9xico, Nicaragua, Guatemala, Per\u00fa, Uruguay, Paraguay, Argentina y otros, quienes presentaron sus obras en este vibrante espacio cultural.<\/p>\n<p class=\"mb-6\">La presentaci\u00f3n de cada muralista fue un momento destacado, recibiendo una c\u00e1lida bienvenida por parte del gerente del acuario Tela Marine, Antal Borcsok.<\/p>\n<p class=\"mb-6\">Este gesto no solo honr\u00f3 su talento, sino que tambi\u00e9n enfatiz\u00f3 la importancia de la diversidad cultural y la colaboraci\u00f3n art\u00edstica internacional.<\/p>\n<p>Las muralistas Ivonne (Honduras), Elissa (Argentina), Susana (Italia), Karla y Jimena (M\u00e9xico), T\u00e1mara (Inglaterra) y Martha (M\u00e9xico), durante los actos en el acuario Tela Marine.<\/p>\n<h3 class=\"mb-6 font-semibold text-2xl\">VENTANA AL ARTE<\/h3>\n<p class=\"mb-6\">Las obras expuestas no solo ofrecieron una ventana al arte contempor\u00e1neo de cada pa\u00eds representado, sino que tambi\u00e9n enriquecieron la experiencia del visitante al acuario Tela Marine.<\/p>\n<p class=\"mb-6\">Para aquellos interesados en llevarse consigo un recuerdo tangible de este evento \u00fanico, las obras pict\u00f3ricas est\u00e1n disponibles para su compra.<\/p>\n<p class=\"mb-6\">El gerente de Tela Marine, Antal Borcsok, expres\u00f3 que esta oportunidad no solo permite a los admiradores del arte adquirir una pieza \u00fanica, sino que tambi\u00e9n apoya a los talentosos artistas en su continuo trabajo creativo.<\/p>\n<p class=\"mb-6\">\u201cSin duda, esta exposici\u00f3n ha dejado una marca significativa en la escena cultural de Tela, y esperamos que contin\u00fae inspirando a futuras generaciones de artistas y espectadores por igual\u201d, puntualiz\u00f3 Borcsok.\u00a0<em><strong>(RL)<\/strong><\/em><\/p>\n<p>Los muralistas y mosaiquistas Badi (Espa\u00f1a), Jimena (M\u00e9xico), Ivonne, Javier, Levy y Altan (Honduras), Martha (M\u00e9xico), Marite, Coco y Mika (Argentina), Karla (M\u00e9xico), M\u00f3nica (Argentina) y Antal Borcsok, gerente de Tela Marine.<br \/>\nParte de las extraordinarias pinturas expuestas en el acuario Tela Marine.<\/p>\n","protected":false},"excerpt":{"rendered":"<p>TELA, Atl\u00e1ntida. 01.05.2024 En el magn\u00edfico entorno del acuario Tela Marine, se desarroll\u00f3 una destacada exposici\u00f3n de pinturas, resaltando el talento de artistas extranjeros y nacionales que han sido parte del \u201cV Guancasco de Muralistas de los pa\u00edses del mundo\u201d, con ocasi\u00f3n de los 500 a\u00f1os de fundaci\u00f3n de Tela. El evento fue una plataforma &hellip;<\/p>\n","protected":false},"author":0,"featured_media":71678,"comment_status":"open","ping_status":"open","sticky":false,"template":"","format":"standard","meta":{"_jetpack_memberships_contains_paid_content":false,"footnotes":""},"categories":[5],"tags":[],"class_list":["post-71677","post","type-post","status-publish","format-standard","has-post-thumbnail","","category-noticias"],"jetpack_sharing_enabled":true,"jetpack_featured_media_url":"https:\/\/mickyandoniehn.com\/radio\/wp-content\/uploads\/2024\/05\/TELA-MURALISTAS-1-XiHhuf.jpeg","_links":{"self":[{"href":"https:\/\/mickyandoniehn.com\/radio\/wp-json\/wp\/v2\/posts\/71677","targetHints":{"allow":["GET"]}}],"collection":[{"href":"https:\/\/mickyandoniehn.com\/radio\/wp-json\/wp\/v2\/posts"}],"about":[{"href":"https:\/\/mickyandoniehn.com\/radio\/wp-json\/wp\/v2\/types\/post"}],"replies":[{"embeddable":true,"href":"https:\/\/mickyandoniehn.com\/radio\/wp-json\/wp\/v2\/comments?post=71677"}],"version-history":[{"count":0,"href":"https:\/\/mickyandoniehn.com\/radio\/wp-json\/wp\/v2\/posts\/71677\/revisions"}],"wp:featuredmedia":[{"embeddable":true,"href":"https:\/\/mickyandoniehn.com\/radio\/wp-json\/wp\/v2\/media\/71678"}],"wp:attachment":[{"href":"https:\/\/mickyandoniehn.com\/radio\/wp-json\/wp\/v2\/media?parent=71677"}],"wp:term":[{"taxonomy":"category","embeddable":true,"href":"https:\/\/mickyandoniehn.com\/radio\/wp-json\/wp\/v2\/categories?post=71677"},{"taxonomy":"post_tag","embeddable":true,"href":"https:\/\/mickyandoniehn.com\/radio\/wp-json\/wp\/v2\/tags?post=71677"}],"curies":[{"name":"wp","href":"https:\/\/api.w.org\/{rel}","templated":true}]}}