{"id":71675,"date":"2024-05-03T07:12:38","date_gmt":"2024-05-03T13:12:38","guid":{"rendered":"https:\/\/mickyandoniehn.com\/radio\/2024\/05\/03\/honduras-en-la-historia-3-de-mayo-1883-nace-el-nuncio-apostolico-de-honduras-juan-sastre\/"},"modified":"2024-05-03T07:12:38","modified_gmt":"2024-05-03T13:12:38","slug":"honduras-en-la-historia-3-de-mayo-1883-nace-el-nuncio-apostolico-de-honduras-juan-sastre","status":"publish","type":"post","link":"https:\/\/mickyandoniehn.com\/radio\/2024\/05\/03\/honduras-en-la-historia-3-de-mayo-1883-nace-el-nuncio-apostolico-de-honduras-juan-sastre\/","title":{"rendered":"Honduras en la Historia: 3 de mayo 1883, Nace el Nuncio Apost\u00f3lico de Honduras, Juan Sastre"},"content":{"rendered":"<\/p>\n<div class=\"xdj266r x11i5rnm xat24cr x1mh8g0r x1vvkbs x126k92a\">\n<div>Honduras en la historia, 03 de Mayo 1883<\/div>\n<div>Nace el Nuncio Apost\u00f3lico de Honduras, Juan Sastre<\/div>\n<div><\/div>\n<\/div>\n<div class=\"x11i5rnm xat24cr x1mh8g0r x1vvkbs xtlvy1s x126k92a\">\n<div>Naci\u00f3 este hombre cultivador de la fe, en Santa Eugenia, Mallorca, Espa\u00f1a, el 3 de mayo de 1883. En 1907, recibi\u00f3 ls \u00f3rdenes sacerdotales y parti\u00f3 a Filadelfia, Estados Unidos. En 1924, fue nombrado Vicario de San Pedro Sula y ese mismo a\u00f1o, su rango cat\u00f3lico,se elev\u00f3 al de Obispo. Sastre fue clave para la fundaci\u00f3n de los colegios sampedranos \u00abMar\u00eda Auxiliadora\u00bb y \u00abSan Vicente de Paul\u00bb, ambos de tendencia cat\u00f3lica.<\/div>\n<\/div>\n<div class=\"x11i5rnm xat24cr x1mh8g0r x1vvkbs xtlvy1s x126k92a\">\n<div>Tambi\u00e9n a \u00e9l se debe el inicio de la Catedral de San Pedro Sula, obra que no pudo ver terminada, pues la muerte lo sorprendi\u00f3 el 23 de marzo de 1949.<\/div>\n<\/div>\n","protected":false},"excerpt":{"rendered":"<p>Honduras en la historia, 03 de Mayo 1883 Nace el Nuncio Apost\u00f3lico de Honduras, Juan Sastre Naci\u00f3 este hombre cultivador de la fe, en Santa Eugenia, Mallorca, Espa\u00f1a, el 3 de mayo de 1883. En 1907, recibi\u00f3 ls \u00f3rdenes sacerdotales y parti\u00f3 a Filadelfia, Estados Unidos. En 1924, fue nombrado Vicario de San Pedro Sula &hellip;<\/p>\n","protected":false},"author":0,"featured_media":71676,"comment_status":"open","ping_status":"open","sticky":false,"template":"","format":"standard","meta":{"_jetpack_memberships_contains_paid_content":false,"footnotes":""},"categories":[5],"tags":[],"class_list":["post-71675","post","type-post","status-publish","format-standard","has-post-thumbnail","","category-noticias"],"jetpack_sharing_enabled":true,"jetpack_featured_media_url":"https:\/\/mickyandoniehn.com\/radio\/wp-content\/uploads\/2024\/05\/3.6-bhk2DG.jpeg","_links":{"self":[{"href":"https:\/\/mickyandoniehn.com\/radio\/wp-json\/wp\/v2\/posts\/71675","targetHints":{"allow":["GET"]}}],"collection":[{"href":"https:\/\/mickyandoniehn.com\/radio\/wp-json\/wp\/v2\/posts"}],"about":[{"href":"https:\/\/mickyandoniehn.com\/radio\/wp-json\/wp\/v2\/types\/post"}],"replies":[{"embeddable":true,"href":"https:\/\/mickyandoniehn.com\/radio\/wp-json\/wp\/v2\/comments?post=71675"}],"version-history":[{"count":0,"href":"https:\/\/mickyandoniehn.com\/radio\/wp-json\/wp\/v2\/posts\/71675\/revisions"}],"wp:featuredmedia":[{"embeddable":true,"href":"https:\/\/mickyandoniehn.com\/radio\/wp-json\/wp\/v2\/media\/71676"}],"wp:attachment":[{"href":"https:\/\/mickyandoniehn.com\/radio\/wp-json\/wp\/v2\/media?parent=71675"}],"wp:term":[{"taxonomy":"category","embeddable":true,"href":"https:\/\/mickyandoniehn.com\/radio\/wp-json\/wp\/v2\/categories?post=71675"},{"taxonomy":"post_tag","embeddable":true,"href":"https:\/\/mickyandoniehn.com\/radio\/wp-json\/wp\/v2\/tags?post=71675"}],"curies":[{"name":"wp","href":"https:\/\/api.w.org\/{rel}","templated":true}]}}