{"id":71671,"date":"2024-05-03T07:12:36","date_gmt":"2024-05-03T13:12:36","guid":{"rendered":"https:\/\/mickyandoniehn.com\/radio\/2024\/05\/03\/honduras-en-la-historia-3-de-mayo-19-modifican-la-iglesia-san-francisco\/"},"modified":"2024-05-03T07:12:36","modified_gmt":"2024-05-03T13:12:36","slug":"honduras-en-la-historia-3-de-mayo-19-modifican-la-iglesia-san-francisco","status":"publish","type":"post","link":"https:\/\/mickyandoniehn.com\/radio\/2024\/05\/03\/honduras-en-la-historia-3-de-mayo-19-modifican-la-iglesia-san-francisco\/","title":{"rendered":"Honduras en la Historia: 3 de mayo 19 Modifican la Iglesia San Francisco"},"content":{"rendered":"<\/p>\n<div class=\"xdj266r x11i5rnm xat24cr x1mh8g0r x1vvkbs x126k92a\">\n<div>Honduras en la historia, 03 de Mayo 1969<\/div>\n<div>Modifican la Iglesia San Francisco<\/div>\n<div><\/div>\n<\/div>\n<div class=\"x11i5rnm xat24cr x1mh8g0r x1vvkbs xtlvy1s x126k92a\">\n<div>La iglesia de San Francisco fue modificada al ser demolida la torre del campanario y el contra fraude, a fin de ampliar la calle y facilitar el tr\u00e1fico de veh\u00edculos.<\/div>\n<\/div>\n<div class=\"x11i5rnm xat24cr x1mh8g0r x1vvkbs xtlvy1s x126k92a\">\n<div>Pedro S\u00e1nchez Lobato fue el arquitecto encargado de dirigir las obras. La iglesia fue construida con planta de cruz latina, con capillas laterales comunicadas con atajos y crucero cerrado por una c\u00fapula con linterna. El fuerte desnivel que presenta la plaza sirve para que el conjunto parezca mucho m\u00e1s monumental, destacando las dos torres de la fachada, cuadradas de mamposter\u00eda y siller\u00eda, rematadas por sendos chapiteles piramidales.<\/div>\n<\/div>\n<div class=\"x11i5rnm xat24cr x1mh8g0r x1vvkbs xtlvy1s x126k92a\">\n<div>Entre ambas torres, un arco de medio punto custodiado por dobles columnas sirve de puerta. Encima de \u00e9l, una hornacina alberga una imagen de san Francisco Javier y el escudo de Castilla y Le\u00f3n, rematado todo ello por un front\u00f3n partido. Esta fachada principal fue remodelada en 1992.<\/div>\n<\/div>\n<div class=\"x11i5rnm xat24cr x1mh8g0r x1vvkbs xtlvy1s x126k92a\">\n<div>En el interior destaca el retablo mayor, ocupado por un lienzo del siglo xviii con im\u00e1genes de San Francisco Javier. Desde 1899 es custodiada por los padres misioneros de la Preciosa Sangre, por lo que tambi\u00e9n se conoce como \u00abiglesia de la Preciosa Sangre\u00bb. Actualmente no se rinde culto en su interior. En la cripta se encuentra el Centro de Interpretaci\u00f3n de la Semana Santa.<\/div>\n<\/div>\n","protected":false},"excerpt":{"rendered":"<p>Honduras en la historia, 03 de Mayo 1969 Modifican la Iglesia San Francisco La iglesia de San Francisco fue modificada al ser demolida la torre del campanario y el contra fraude, a fin de ampliar la calle y facilitar el tr\u00e1fico de veh\u00edculos. Pedro S\u00e1nchez Lobato fue el arquitecto encargado de dirigir las obras. La &hellip;<\/p>\n","protected":false},"author":0,"featured_media":71672,"comment_status":"open","ping_status":"open","sticky":false,"template":"","format":"standard","meta":{"_jetpack_memberships_contains_paid_content":false,"footnotes":""},"categories":[5],"tags":[],"class_list":["post-71671","post","type-post","status-publish","format-standard","has-post-thumbnail","","category-noticias"],"jetpack_sharing_enabled":true,"jetpack_featured_media_url":"https:\/\/mickyandoniehn.com\/radio\/wp-content\/uploads\/2024\/05\/3.5-NjffEd.jpeg","_links":{"self":[{"href":"https:\/\/mickyandoniehn.com\/radio\/wp-json\/wp\/v2\/posts\/71671","targetHints":{"allow":["GET"]}}],"collection":[{"href":"https:\/\/mickyandoniehn.com\/radio\/wp-json\/wp\/v2\/posts"}],"about":[{"href":"https:\/\/mickyandoniehn.com\/radio\/wp-json\/wp\/v2\/types\/post"}],"replies":[{"embeddable":true,"href":"https:\/\/mickyandoniehn.com\/radio\/wp-json\/wp\/v2\/comments?post=71671"}],"version-history":[{"count":0,"href":"https:\/\/mickyandoniehn.com\/radio\/wp-json\/wp\/v2\/posts\/71671\/revisions"}],"wp:featuredmedia":[{"embeddable":true,"href":"https:\/\/mickyandoniehn.com\/radio\/wp-json\/wp\/v2\/media\/71672"}],"wp:attachment":[{"href":"https:\/\/mickyandoniehn.com\/radio\/wp-json\/wp\/v2\/media?parent=71671"}],"wp:term":[{"taxonomy":"category","embeddable":true,"href":"https:\/\/mickyandoniehn.com\/radio\/wp-json\/wp\/v2\/categories?post=71671"},{"taxonomy":"post_tag","embeddable":true,"href":"https:\/\/mickyandoniehn.com\/radio\/wp-json\/wp\/v2\/tags?post=71671"}],"curies":[{"name":"wp","href":"https:\/\/api.w.org\/{rel}","templated":true}]}}