{"id":71650,"date":"2024-05-02T19:12:34","date_gmt":"2024-05-03T01:12:34","guid":{"rendered":"http:\/\/mickyandoniehn.com\/radio\/2024\/05\/02\/fisioterapeuta-de-lionel-messi-impartira-charlas-en-honduras\/"},"modified":"2024-05-02T19:12:34","modified_gmt":"2024-05-03T01:12:34","slug":"fisioterapeuta-de-lionel-messi-impartira-charlas-en-honduras","status":"publish","type":"post","link":"https:\/\/mickyandoniehn.com\/radio\/2024\/05\/02\/fisioterapeuta-de-lionel-messi-impartira-charlas-en-honduras\/","title":{"rendered":"Fisioterapeuta de Lionel Messi impartir\u00e1 charlas en Honduras"},"content":{"rendered":"<\/p>\n<p>\u00a1Imperdible! El kinesi\u00f3logo de la Selecci\u00f3n Argentina y\u00a0<strong>fisioterapeuta<\/strong>\u00a0de Lionel\u00a0<strong>Messi<\/strong>, Luis Garc\u00eda arribar\u00e1 a\u00a0<a href=\"https:\/\/www.honduras.com\/deportes\/futbol\/seleccion-de-honduras-confirma-amistoso-ante-ecuador\/\"><strong>Honduras<\/strong><\/a>\u00a0para impartir charlas sobre un curso de actualizaciones en rehabilitaci\u00f3n deportiva.<\/p>\n<p>As\u00ed lo dieron a conocer la Federaci\u00f3n de F\u00fatbol de Honduras (FFH) y la Universidad Tecnol\u00f3gica Centroamericana (UNITEC), de la llegada del experto al pa\u00eds cinco estrellas.<\/p>\n<p>En ese sentido, Garc\u00eda estar\u00e1 brindando sus platicas los d\u00edas 16 y 17 de mayo en el auditorio Leticia Matay de Unitec en la ciudad de Tegucigalpa, de 9:00 am a 5:00 de la tarde.<\/p>\n<p>Cabe se\u00f1alar que, el valor del seminario para estudiantes y profesionales, es de 1,500 y 2,000 mil lempiras, respectivamente.<\/p>\n<p>Se tiene previsto que, el curso aborde las problem\u00e1ticas relacionadas con las lesiones musculares, por sobre uso y articulaciones; desde el momento en que se produce la lesi\u00f3n hasta la rehabilitaci\u00f3n completa y el retorno al rendimiento deportivo.<\/p>\n<p>El\u00a0<strong>fisioterapeuta\u00a0<\/strong>Garc\u00eda es un experimentado en la materia, por lo que, se espera que pueda conectar con aquellas personas interesadas sobre la fisioterapia. \u00a1No te lo puedes perder!<\/p>\n<div class=\"twitter-tweet twitter-tweet-rendered\"><\/div>\n","protected":false},"excerpt":{"rendered":"<p>\u00a1Imperdible! El kinesi\u00f3logo de la Selecci\u00f3n Argentina y\u00a0fisioterapeuta\u00a0de Lionel\u00a0Messi, Luis Garc\u00eda arribar\u00e1 a\u00a0Honduras\u00a0para impartir charlas sobre un curso de actualizaciones en rehabilitaci\u00f3n deportiva. As\u00ed lo dieron a conocer la Federaci\u00f3n de F\u00fatbol de Honduras (FFH) y la Universidad Tecnol\u00f3gica Centroamericana (UNITEC), de la llegada del experto al pa\u00eds cinco estrellas. En ese sentido, Garc\u00eda estar\u00e1 &hellip;<\/p>\n","protected":false},"author":0,"featured_media":71651,"comment_status":"open","ping_status":"open","sticky":false,"template":"","format":"standard","meta":{"_jetpack_memberships_contains_paid_content":false,"footnotes":""},"categories":[5],"tags":[],"class_list":["post-71650","post","type-post","status-publish","format-standard","has-post-thumbnail","","category-noticias"],"jetpack_sharing_enabled":true,"jetpack_featured_media_url":"https:\/\/mickyandoniehn.com\/radio\/wp-content\/uploads\/2024\/05\/luis-garcia-messi-auupf1.jpeg","_links":{"self":[{"href":"https:\/\/mickyandoniehn.com\/radio\/wp-json\/wp\/v2\/posts\/71650","targetHints":{"allow":["GET"]}}],"collection":[{"href":"https:\/\/mickyandoniehn.com\/radio\/wp-json\/wp\/v2\/posts"}],"about":[{"href":"https:\/\/mickyandoniehn.com\/radio\/wp-json\/wp\/v2\/types\/post"}],"replies":[{"embeddable":true,"href":"https:\/\/mickyandoniehn.com\/radio\/wp-json\/wp\/v2\/comments?post=71650"}],"version-history":[{"count":0,"href":"https:\/\/mickyandoniehn.com\/radio\/wp-json\/wp\/v2\/posts\/71650\/revisions"}],"wp:featuredmedia":[{"embeddable":true,"href":"https:\/\/mickyandoniehn.com\/radio\/wp-json\/wp\/v2\/media\/71651"}],"wp:attachment":[{"href":"https:\/\/mickyandoniehn.com\/radio\/wp-json\/wp\/v2\/media?parent=71650"}],"wp:term":[{"taxonomy":"category","embeddable":true,"href":"https:\/\/mickyandoniehn.com\/radio\/wp-json\/wp\/v2\/categories?post=71650"},{"taxonomy":"post_tag","embeddable":true,"href":"https:\/\/mickyandoniehn.com\/radio\/wp-json\/wp\/v2\/tags?post=71650"}],"curies":[{"name":"wp","href":"https:\/\/api.w.org\/{rel}","templated":true}]}}