{"id":71642,"date":"2024-05-02T15:12:51","date_gmt":"2024-05-02T21:12:51","guid":{"rendered":"http:\/\/mickyandoniehn.com\/radio\/2024\/05\/02\/stephie-morel-esta-lista-para-representar-a-honduras-en-miss-supranational-2024\/"},"modified":"2024-05-02T15:12:51","modified_gmt":"2024-05-02T21:12:51","slug":"stephie-morel-esta-lista-para-representar-a-honduras-en-miss-supranational-2024","status":"publish","type":"post","link":"https:\/\/mickyandoniehn.com\/radio\/2024\/05\/02\/stephie-morel-esta-lista-para-representar-a-honduras-en-miss-supranational-2024\/","title":{"rendered":"Stephie Morel est\u00e1 lista para representar a Honduras en Miss Supranational 2024"},"content":{"rendered":"<\/p>\n<p>Tegucigalpa. 02.05.2024<\/p>\n<p>En el 2023<strong>\u00a0Stephie Morel\u00a0<\/strong>se coron\u00f3 como la nueva Miss Honduras Supranational para la competencia que se llevar\u00e1 a cabo el pr\u00f3ximo 6 de julio en Polonia.<\/p>\n<p>La hondure\u00f1a se encuentra afinando los \u00faltimos detalles para su participaci\u00f3n en el certamen de belleza, donde sin duda alguna destacar\u00e1.<\/p>\n<p>Stephie se ha encargado de compartir toda su preparaci\u00f3n a trav\u00e9s de sus redes sociales. Adem\u00e1s, confirm\u00f3 que el dise\u00f1ador\u00a0<strong>Danilo Garc\u00eda<\/strong>\u00a0ser\u00e1 el encargado de vestirla.<\/p>\n<p>Fuente: honduras.com<\/p>\n","protected":false},"excerpt":{"rendered":"<p>Tegucigalpa. 02.05.2024 En el 2023\u00a0Stephie Morel\u00a0se coron\u00f3 como la nueva Miss Honduras Supranational para la competencia que se llevar\u00e1 a cabo el pr\u00f3ximo 6 de julio en Polonia. La hondure\u00f1a se encuentra afinando los \u00faltimos detalles para su participaci\u00f3n en el certamen de belleza, donde sin duda alguna destacar\u00e1. Stephie se ha encargado de compartir &hellip;<\/p>\n","protected":false},"author":0,"featured_media":71643,"comment_status":"open","ping_status":"open","sticky":false,"template":"","format":"standard","meta":{"_jetpack_memberships_contains_paid_content":false,"footnotes":""},"categories":[5],"tags":[],"class_list":["post-71642","post","type-post","status-publish","format-standard","has-post-thumbnail","","category-noticias"],"jetpack_sharing_enabled":true,"jetpack_featured_media_url":"https:\/\/mickyandoniehn.com\/radio\/wp-content\/uploads\/2024\/05\/oratoria-1-1536x849-1-xAnC5Y.jpeg","_links":{"self":[{"href":"https:\/\/mickyandoniehn.com\/radio\/wp-json\/wp\/v2\/posts\/71642","targetHints":{"allow":["GET"]}}],"collection":[{"href":"https:\/\/mickyandoniehn.com\/radio\/wp-json\/wp\/v2\/posts"}],"about":[{"href":"https:\/\/mickyandoniehn.com\/radio\/wp-json\/wp\/v2\/types\/post"}],"replies":[{"embeddable":true,"href":"https:\/\/mickyandoniehn.com\/radio\/wp-json\/wp\/v2\/comments?post=71642"}],"version-history":[{"count":0,"href":"https:\/\/mickyandoniehn.com\/radio\/wp-json\/wp\/v2\/posts\/71642\/revisions"}],"wp:featuredmedia":[{"embeddable":true,"href":"https:\/\/mickyandoniehn.com\/radio\/wp-json\/wp\/v2\/media\/71643"}],"wp:attachment":[{"href":"https:\/\/mickyandoniehn.com\/radio\/wp-json\/wp\/v2\/media?parent=71642"}],"wp:term":[{"taxonomy":"category","embeddable":true,"href":"https:\/\/mickyandoniehn.com\/radio\/wp-json\/wp\/v2\/categories?post=71642"},{"taxonomy":"post_tag","embeddable":true,"href":"https:\/\/mickyandoniehn.com\/radio\/wp-json\/wp\/v2\/tags?post=71642"}],"curies":[{"name":"wp","href":"https:\/\/api.w.org\/{rel}","templated":true}]}}