{"id":71640,"date":"2024-05-02T15:12:50","date_gmt":"2024-05-02T21:12:50","guid":{"rendered":"http:\/\/mickyandoniehn.com\/radio\/2024\/05\/02\/hondurenos-ganan-primer-lugar-en-concurso-de-oratoria-en-colombia\/"},"modified":"2024-05-02T15:12:50","modified_gmt":"2024-05-02T21:12:50","slug":"hondurenos-ganan-primer-lugar-en-concurso-de-oratoria-en-colombia","status":"publish","type":"post","link":"https:\/\/mickyandoniehn.com\/radio\/2024\/05\/02\/hondurenos-ganan-primer-lugar-en-concurso-de-oratoria-en-colombia\/","title":{"rendered":"Hondure\u00f1os ganan primer lugar en concurso de oratoria en Colombia"},"content":{"rendered":"<\/p>\n<p>Tegucigalpa. 02.05.2024<\/p>\n<p>Los hondure\u00f1os<strong>\u00a0Nathalie Zepeda, Sebastian D\u00edaz y Luisa Madrid\u00a0<\/strong>del colegio Liceo Franco Hondure\u00f1o fueron los ganadores del concurso Ambassadeurs, Ambassadrices en herbe. Asimismo, en la categor\u00eda individual, Honduras estuvo representada por la joven<strong>\u00a0Irene Gale.<\/strong><\/p>\n<div class=\"wp-block-image\">\nFoto: La Prensa HN\n<\/div>\n<p>En la competencia participaron\u00a0<strong>otros pa\u00edses\u00a0<\/strong>como Rep\u00fablica Dominicana, Venezuela, Colombia, Guatemala, Brasil y Ecuador.<\/p>\n<p>Durante el concurso, los tres hondure\u00f1os fueron los ganadores al demostrar su impresionante\u00a0<strong>capacidad de oratoria.\u00a0<\/strong>Gracias a ello ahora representar\u00e1n a la regi\u00f3n latinoamericana en la final mundial del concurso, que se llevar\u00e1 a cabo en\u00a0<strong>Francia<\/strong>. \u00a1Qu\u00e9 orgullo!<\/p>\n<p>Fuente: honduras.com<\/p>\n<p>\u00a0<\/p>\n","protected":false},"excerpt":{"rendered":"<p>Tegucigalpa. 02.05.2024 Los hondure\u00f1os\u00a0Nathalie Zepeda, Sebastian D\u00edaz y Luisa Madrid\u00a0del colegio Liceo Franco Hondure\u00f1o fueron los ganadores del concurso Ambassadeurs, Ambassadrices en herbe. Asimismo, en la categor\u00eda individual, Honduras estuvo representada por la joven\u00a0Irene Gale. Foto: La Prensa HN En la competencia participaron\u00a0otros pa\u00edses\u00a0como Rep\u00fablica Dominicana, Venezuela, Colombia, Guatemala, Brasil y Ecuador. Durante el concurso, &hellip;<\/p>\n","protected":false},"author":0,"featured_media":71641,"comment_status":"open","ping_status":"open","sticky":false,"template":"","format":"standard","meta":{"_jetpack_memberships_contains_paid_content":false,"footnotes":""},"categories":[5],"tags":[],"class_list":["post-71640","post","type-post","status-publish","format-standard","has-post-thumbnail","","category-noticias"],"jetpack_sharing_enabled":true,"jetpack_featured_media_url":"https:\/\/mickyandoniehn.com\/radio\/wp-content\/uploads\/2024\/05\/oratoria-1-NGh7du.jpeg","_links":{"self":[{"href":"https:\/\/mickyandoniehn.com\/radio\/wp-json\/wp\/v2\/posts\/71640","targetHints":{"allow":["GET"]}}],"collection":[{"href":"https:\/\/mickyandoniehn.com\/radio\/wp-json\/wp\/v2\/posts"}],"about":[{"href":"https:\/\/mickyandoniehn.com\/radio\/wp-json\/wp\/v2\/types\/post"}],"replies":[{"embeddable":true,"href":"https:\/\/mickyandoniehn.com\/radio\/wp-json\/wp\/v2\/comments?post=71640"}],"version-history":[{"count":0,"href":"https:\/\/mickyandoniehn.com\/radio\/wp-json\/wp\/v2\/posts\/71640\/revisions"}],"wp:featuredmedia":[{"embeddable":true,"href":"https:\/\/mickyandoniehn.com\/radio\/wp-json\/wp\/v2\/media\/71641"}],"wp:attachment":[{"href":"https:\/\/mickyandoniehn.com\/radio\/wp-json\/wp\/v2\/media?parent=71640"}],"wp:term":[{"taxonomy":"category","embeddable":true,"href":"https:\/\/mickyandoniehn.com\/radio\/wp-json\/wp\/v2\/categories?post=71640"},{"taxonomy":"post_tag","embeddable":true,"href":"https:\/\/mickyandoniehn.com\/radio\/wp-json\/wp\/v2\/tags?post=71640"}],"curies":[{"name":"wp","href":"https:\/\/api.w.org\/{rel}","templated":true}]}}