{"id":71632,"date":"2024-05-02T12:12:47","date_gmt":"2024-05-02T18:12:47","guid":{"rendered":"http:\/\/mickyandoniehn.com\/radio\/2024\/05\/02\/02-de-mayo-dia-internacional-contra-el-bullying-o-el-acoso-escolar\/"},"modified":"2024-05-02T12:12:47","modified_gmt":"2024-05-02T18:12:47","slug":"02-de-mayo-dia-internacional-contra-el-bullying-o-el-acoso-escolar","status":"publish","type":"post","link":"https:\/\/mickyandoniehn.com\/radio\/2024\/05\/02\/02-de-mayo-dia-internacional-contra-el-bullying-o-el-acoso-escolar\/","title":{"rendered":"02 De Mayo-D\u00eda Internacional contra el Bullying o el Acoso Escolar"},"content":{"rendered":"<p><strong>En celebraciones del dia 02 de Mayo, D\u00eda Internacional contra el Bullying o el Acoso Escolar<\/strong><\/p>\n<\/p>\n<p>Esta fecha tiene como objetivo concienciar sobre el impacto negativo del acoso escolar y promover la prevenci\u00f3n y el respeto entre los estudiantes. En este d\u00eda especial, reflexionemos sobre la importancia de tomar medidas para poner fin al acoso escolar.<\/p>\n<p>El acoso escolar es un problema grave que afecta a muchos estudiantes en todo el mundo. puede tomar muchas formas, como la intimidaci\u00f3n f\u00edsica, la intimidaci\u00f3n verbal y la exclusi\u00f3n social. puede tener un impacto negativo significativo en la vida de los estudiantes, incluyendo problemas emocionales, dificultades de aprendizaje y problemas de salud mental.<\/p>\n<p>Es importante que los estudiantes, padres, maestros y la comunidad en general trabajen juntos para prevenir el acoso escolar. Es necesario fomentar el respeto y la empat\u00eda entre los estudiantes y crear un entorno escolar seguro y acogedor. Los maestros y administradores escolares deben tomar medidas para identificar y abordar el acoso escolar de manera efectiva.<\/p>\n<p>Tambi\u00e9n es importante que los estudiantes se sientan c\u00f3modos reportando el acoso escolar y que se les brinde el apoyo necesario para superarlo. Debemos alentar a los estudiantes a hablar con alguien de confianza si est\u00e1n siendo acosados \u200b\u200bo si conocen a alguien que est\u00e1 siendo acosado. Adem\u00e1s, debemos brindar apoyo a los estudiantes que han sido v\u00edctimas de acoso escolar, para que puedan recuperarse y volver a la normalidad.<\/p>\n<p>En resumen, el D\u00eda Internacional contra el Bullying o el Acoso Escolar nos recuerda la importancia de prevenirlo y de fomentar el respeto y la empat\u00eda en nuestras comunidades escolares. Todos podemos tomar medidas para prevenir y abordar el acoso escolar, desde ser amables y respetuosos con nuestros compa\u00f1eros hasta reportar el acoso escolar cuando lo veamos. Recordemos que el acoso escolar no es aceptable y que todos merecemos un ambiente escolar seguro y acogedor.<\/p><\/p>\n","protected":false},"excerpt":{"rendered":"<p>En celebraciones del dia 02 de Mayo, D\u00eda Internacional contra el Bullying o el Acoso Escolar Esta fecha tiene como objetivo concienciar sobre el impacto negativo del acoso escolar y promover la prevenci\u00f3n y el respeto entre los estudiantes. En este d\u00eda especial, reflexionemos sobre la importancia de tomar medidas para poner fin al acoso &hellip;<\/p>\n","protected":false},"author":0,"featured_media":71633,"comment_status":"open","ping_status":"open","sticky":false,"template":"","format":"standard","meta":{"_jetpack_memberships_contains_paid_content":false,"footnotes":""},"categories":[5],"tags":[],"class_list":["post-71632","post","type-post","status-publish","format-standard","has-post-thumbnail","","category-noticias"],"jetpack_sharing_enabled":true,"jetpack_featured_media_url":"https:\/\/mickyandoniehn.com\/radio\/wp-content\/uploads\/2024\/05\/01-26-tYlbjC.jpeg","_links":{"self":[{"href":"https:\/\/mickyandoniehn.com\/radio\/wp-json\/wp\/v2\/posts\/71632","targetHints":{"allow":["GET"]}}],"collection":[{"href":"https:\/\/mickyandoniehn.com\/radio\/wp-json\/wp\/v2\/posts"}],"about":[{"href":"https:\/\/mickyandoniehn.com\/radio\/wp-json\/wp\/v2\/types\/post"}],"replies":[{"embeddable":true,"href":"https:\/\/mickyandoniehn.com\/radio\/wp-json\/wp\/v2\/comments?post=71632"}],"version-history":[{"count":0,"href":"https:\/\/mickyandoniehn.com\/radio\/wp-json\/wp\/v2\/posts\/71632\/revisions"}],"wp:featuredmedia":[{"embeddable":true,"href":"https:\/\/mickyandoniehn.com\/radio\/wp-json\/wp\/v2\/media\/71633"}],"wp:attachment":[{"href":"https:\/\/mickyandoniehn.com\/radio\/wp-json\/wp\/v2\/media?parent=71632"}],"wp:term":[{"taxonomy":"category","embeddable":true,"href":"https:\/\/mickyandoniehn.com\/radio\/wp-json\/wp\/v2\/categories?post=71632"},{"taxonomy":"post_tag","embeddable":true,"href":"https:\/\/mickyandoniehn.com\/radio\/wp-json\/wp\/v2\/tags?post=71632"}],"curies":[{"name":"wp","href":"https:\/\/api.w.org\/{rel}","templated":true}]}}