{"id":71622,"date":"2024-05-01T15:12:36","date_gmt":"2024-05-01T21:12:36","guid":{"rendered":"https:\/\/mickyandoniehn.com\/radio\/2024\/05\/01\/congreso-nacional-aprueba-ley-del-fondo-de-reserva-laboral-del-regimen-de-aportaciones-privadas\/"},"modified":"2024-05-01T15:12:36","modified_gmt":"2024-05-01T21:12:36","slug":"congreso-nacional-aprueba-ley-del-fondo-de-reserva-laboral-del-regimen-de-aportaciones-privadas","status":"publish","type":"post","link":"https:\/\/mickyandoniehn.com\/radio\/2024\/05\/01\/congreso-nacional-aprueba-ley-del-fondo-de-reserva-laboral-del-regimen-de-aportaciones-privadas\/","title":{"rendered":"Congreso Nacional aprueba Ley del Fondo de Reserva Laboral del R\u00e9gimen de Aportaciones Privadas"},"content":{"rendered":"<\/p>\n<p><strong>Tegucigalpa. 01.05.2024<\/strong><\/p>\n<p>El Congreso Nacional (CN) por conformidad de votos aprob\u00f3 la noche del martes en su totalidad, la Ley del Fondo de Reserva Laboral de Capitalizaci\u00f3n Individual Administrado por el R\u00e9gimen de Aportaciones Privadas (RAP).<\/p>\n<p>El prop\u00f3sito fundamental de esta ley, seg\u00fan el CN, es asegurar el respaldo econ\u00f3mico para los trabajadores, mediante prestaciones derivadas del Fondo de Reserva Laboral de Capitalizaci\u00f3n Individual.<\/p>\n<p>Despu\u00e9s de un largo debate y discusi\u00f3n de los 18 art\u00edculos que componen la nueva normativa, el pleno del Legislativo dio el visto bueno para crear y administrar este Fondo y el RAP ser\u00e1 el encargado de administrarlo, el cual estar\u00e1 compuesto por los aportes realizados por los empleadores.<\/p>\n<p>Asimismo, la ley establece que el RAP administrar\u00e1 dicho fondo que estar\u00e1 constituido por los aportes que realice el patrono, para garantizar el pago por concepto de cesant\u00eda o prima de antig\u00fcedad a los trabajadores una vez que haya terminado la relaci\u00f3n individual de trabajo.<\/p>\n<p>Entre los aspectos m\u00e1s relevantes de la ley se incluyen disposiciones que determinan la obligatoriedad de las aportaciones patronales, estableciendo que estas equivaldr\u00e1n al 4 por ciento del salario ordinario, con un techo de cotizaci\u00f3n de hasta tres salarios m\u00ednimos.<\/p>\n<p>En ese sentido, el CN se\u00f1al\u00f3 que las aportaciones realizadas por el patrono deben acreditarse a nombre expreso del trabajador en la cuenta individual en el RAP.<\/p>\n<p><a href=\"https:\/\/i2.wp.com\/hondudiario.com\/wp-content\/uploads\/2024\/05\/RAP.png?ssl=1\"><\/a><\/p>\n<\/p>\n<p>Adem\u00e1s, la legislaci\u00f3n proh\u00edbe expl\u00edcitamente cualquier pacto o acuerdo entre trabajadores y empleadores que busque modificar las caracter\u00edsticas de la cuenta individual de reserva laboral establecida por esta ley.<\/p>\n<p>No obstante, se otorgar\u00eda una excepci\u00f3n a aquellos empleadores que ya tuvieran acuerdos previos respecto al pago de cesant\u00eda o prima de antig\u00fcedad, permiti\u00e9ndoles ajustarse a lo convenido entre ambas partes.<\/p>\n<p>Una de las disposiciones centrales de la ley establece el derecho de los trabajadores a percibir el valor acumulado en su cuenta de Reserva Laboral de Capitalizaci\u00f3n Individual al finalizar su relaci\u00f3n laboral, independientemente de la causa que la origine.<\/p>\n","protected":false},"excerpt":{"rendered":"<p>Tegucigalpa. 01.05.2024 El Congreso Nacional (CN) por conformidad de votos aprob\u00f3 la noche del martes en su totalidad, la Ley del Fondo de Reserva Laboral de Capitalizaci\u00f3n Individual Administrado por el R\u00e9gimen de Aportaciones Privadas (RAP). El prop\u00f3sito fundamental de esta ley, seg\u00fan el CN, es asegurar el respaldo econ\u00f3mico para los trabajadores, mediante prestaciones &hellip;<\/p>\n","protected":false},"author":0,"featured_media":71623,"comment_status":"open","ping_status":"open","sticky":false,"template":"","format":"standard","meta":{"_jetpack_memberships_contains_paid_content":false,"footnotes":""},"categories":[5],"tags":[],"class_list":["post-71622","post","type-post","status-publish","format-standard","has-post-thumbnail","","category-noticias"],"jetpack_sharing_enabled":true,"jetpack_featured_media_url":"https:\/\/mickyandoniehn.com\/radio\/wp-content\/uploads\/2024\/05\/Congreso-Nacional-1-1536x1023-1-gwniKZ.jpeg","_links":{"self":[{"href":"https:\/\/mickyandoniehn.com\/radio\/wp-json\/wp\/v2\/posts\/71622","targetHints":{"allow":["GET"]}}],"collection":[{"href":"https:\/\/mickyandoniehn.com\/radio\/wp-json\/wp\/v2\/posts"}],"about":[{"href":"https:\/\/mickyandoniehn.com\/radio\/wp-json\/wp\/v2\/types\/post"}],"replies":[{"embeddable":true,"href":"https:\/\/mickyandoniehn.com\/radio\/wp-json\/wp\/v2\/comments?post=71622"}],"version-history":[{"count":0,"href":"https:\/\/mickyandoniehn.com\/radio\/wp-json\/wp\/v2\/posts\/71622\/revisions"}],"wp:featuredmedia":[{"embeddable":true,"href":"https:\/\/mickyandoniehn.com\/radio\/wp-json\/wp\/v2\/media\/71623"}],"wp:attachment":[{"href":"https:\/\/mickyandoniehn.com\/radio\/wp-json\/wp\/v2\/media?parent=71622"}],"wp:term":[{"taxonomy":"category","embeddable":true,"href":"https:\/\/mickyandoniehn.com\/radio\/wp-json\/wp\/v2\/categories?post=71622"},{"taxonomy":"post_tag","embeddable":true,"href":"https:\/\/mickyandoniehn.com\/radio\/wp-json\/wp\/v2\/tags?post=71622"}],"curies":[{"name":"wp","href":"https:\/\/api.w.org\/{rel}","templated":true}]}}