{"id":71542,"date":"2024-05-01T08:12:39","date_gmt":"2024-05-01T14:12:39","guid":{"rendered":"https:\/\/mickyandoniehn.com\/radio\/2024\/05\/01\/01-de-mayo-dia-del-trabajador\/"},"modified":"2024-05-01T08:12:39","modified_gmt":"2024-05-01T14:12:39","slug":"01-de-mayo-dia-del-trabajador","status":"publish","type":"post","link":"https:\/\/mickyandoniehn.com\/radio\/2024\/05\/01\/01-de-mayo-dia-del-trabajador\/","title":{"rendered":"01 De Mayo-D\u00eda del Trabajador"},"content":{"rendered":"<p><strong>En celebraciones del d\u00eda primero de mayo, D\u00eda Internacional de los Trabajadores.<\/strong><\/p>\n<\/p>\n<p>Este d\u00eda es una oportunidad para reconocer y honrar el trabajo duro y la dedicaci\u00f3n de todas aquellas personas que contribuyen a construir nuestro pa\u00eds. En este d\u00eda especial, reflexionemos sobre la importancia del trabajo y su impacto en nuestras vidas.<\/p>\n<p>\u00a0<\/p>\n<p>El trabajo es una parte fundamental de la vida de cualquier persona. A trav\u00e9s del trabajo, obtenemos los medios para cubrir nuestras necesidades y las de nuestras familias. Adem\u00e1s, el trabajo nos da un sentido de prop\u00f3sito y nos permite contribuir de manera significativa a nuestra sociedad.<\/p>\n<p>\u00a0<\/p>\n<p>El D\u00eda del Trabajador se celebra en todo el mundo, y es un recordatorio de la lucha hist\u00f3rica de los trabajadores por sus derechos y su dignidad. A lo largo de la historia, los trabajadores han luchado por mejores condiciones de trabajo, salarios justos y seguridad laboral. Gracias a sus esfuerzos, muchos de los derechos laborales que hoy damos por sentado se han logrado.<\/p>\n<p>\u00a0<\/p>\n<p>Es importante recordar que el trabajo debe ser valorado y respetado. Todas las personas, independientemente de su trabajo o posici\u00f3n social, merecen ser tratadas con dignidad y respeto. Debemos trabajar juntos para crear entornos laborales justos y equitativos, donde se respeten los derechos de los trabajadores y se promueva su bienestar.<\/p>\n<p>\u00a0<\/p>\n<p>Adem\u00e1s, en este D\u00eda del Trabajador, tambi\u00e9n es importante reflexionar sobre los desaf\u00edos que enfrentan los trabajadores en la actualidad. La pandemia del COVID-19 ha tenido un impacto significativo en la econom\u00eda global y en el mundo laboral. Muchos trabajadores han perdido sus empleos o han visto reducidos sus ingresos. Es importante que trabajemos juntos para apoyar a los trabajadores en estos momentos dif\u00edciles y ayudarles a recuperarse de los efectos de la pandemia.<\/p>\n<p>\u00a0<\/p>\n<p>El D\u00eda del Trabajador es una oportunidad para honrar y reconocer la contribuci\u00f3n de todos los trabajadores en la construcci\u00f3n de nuestro pa\u00eds. Es importante que trabajemos juntos para crear entornos laborales justos y equitativos, donde se respeten los derechos de los trabajadores y se promueva su bienestar. Adem\u00e1s, debemos apoyar a los trabajadores que se han visto afectados por la pandemia del COVID-19 y ayudarles a recuperarse de sus efectos. En este D\u00eda del Trabajador, agradezcamos a todos los trabajadores su esfuerzo y dedicaci\u00f3n, y compromet\u00e1monos a trabajar juntos para crear un futuro mejor para todos.<\/p>\n","protected":false},"excerpt":{"rendered":"<p>En celebraciones del d\u00eda primero de mayo, D\u00eda Internacional de los Trabajadores. Este d\u00eda es una oportunidad para reconocer y honrar el trabajo duro y la dedicaci\u00f3n de todas aquellas personas que contribuyen a construir nuestro pa\u00eds. En este d\u00eda especial, reflexionemos sobre la importancia del trabajo y su impacto en nuestras vidas. \u00a0 El &hellip;<\/p>\n","protected":false},"author":0,"featured_media":71543,"comment_status":"open","ping_status":"open","sticky":false,"template":"","format":"standard","meta":{"_jetpack_memberships_contains_paid_content":false,"footnotes":""},"categories":[5],"tags":[],"class_list":["post-71542","post","type-post","status-publish","format-standard","has-post-thumbnail","","category-noticias"],"jetpack_sharing_enabled":true,"jetpack_featured_media_url":"https:\/\/mickyandoniehn.com\/radio\/wp-content\/uploads\/2024\/05\/01-25-2MpZ2F.jpeg","_links":{"self":[{"href":"https:\/\/mickyandoniehn.com\/radio\/wp-json\/wp\/v2\/posts\/71542","targetHints":{"allow":["GET"]}}],"collection":[{"href":"https:\/\/mickyandoniehn.com\/radio\/wp-json\/wp\/v2\/posts"}],"about":[{"href":"https:\/\/mickyandoniehn.com\/radio\/wp-json\/wp\/v2\/types\/post"}],"replies":[{"embeddable":true,"href":"https:\/\/mickyandoniehn.com\/radio\/wp-json\/wp\/v2\/comments?post=71542"}],"version-history":[{"count":0,"href":"https:\/\/mickyandoniehn.com\/radio\/wp-json\/wp\/v2\/posts\/71542\/revisions"}],"wp:featuredmedia":[{"embeddable":true,"href":"https:\/\/mickyandoniehn.com\/radio\/wp-json\/wp\/v2\/media\/71543"}],"wp:attachment":[{"href":"https:\/\/mickyandoniehn.com\/radio\/wp-json\/wp\/v2\/media?parent=71542"}],"wp:term":[{"taxonomy":"category","embeddable":true,"href":"https:\/\/mickyandoniehn.com\/radio\/wp-json\/wp\/v2\/categories?post=71542"},{"taxonomy":"post_tag","embeddable":true,"href":"https:\/\/mickyandoniehn.com\/radio\/wp-json\/wp\/v2\/tags?post=71542"}],"curies":[{"name":"wp","href":"https:\/\/api.w.org\/{rel}","templated":true}]}}