{"id":71505,"date":"2024-04-30T11:12:33","date_gmt":"2024-04-30T17:12:33","guid":{"rendered":"http:\/\/mickyandoniehn.com\/radio\/2024\/04\/30\/inauguran-instalaciones-reconstruidas-del-jardin-de-ninos-sagrado-corazon\/"},"modified":"2024-04-30T11:12:33","modified_gmt":"2024-04-30T17:12:33","slug":"inauguran-instalaciones-reconstruidas-del-jardin-de-ninos-sagrado-corazon","status":"publish","type":"post","link":"https:\/\/mickyandoniehn.com\/radio\/2024\/04\/30\/inauguran-instalaciones-reconstruidas-del-jardin-de-ninos-sagrado-corazon\/","title":{"rendered":"Inauguran instalaciones reconstruidas del Jard\u00edn de Ni\u00f1os \u201cSagrado Coraz\u00f3n\u201d"},"content":{"rendered":"<\/p>\n<p class=\"mb-6\"><em><strong>COMAYAGUA. 30.04.2024<\/strong><\/em><\/p>\n<p class=\"mb-6\">Personal docente, administrativo y padres de familia del Jard\u00edn de Ni\u00f1os \u201cSagrado Coraz\u00f3n\u201d, estrenan nuevas instalaciones reconstruidas por el gobierno de la Rep\u00fablica, obras que desde el 2018 gestion\u00f3 el alcalde Carlos Miranda, junto con maestras y la sociedad de padres de familia.<\/p>\n<p class=\"mb-6\">La ceremonia de inauguraci\u00f3n fue presidida por la mandataria, Xiomara Castro, acompa\u00f1ada por el ministro de Educaci\u00f3n, Daniel Esponda; el titular del Fondo Hondure\u00f1o de Inversi\u00f3n Social (FHIS), Warren Ochoa, y el secretario privado, H\u00e9ctor Zelaya, donde se comprometi\u00f3 a seguir mejorando los centros educativos de todo el pa\u00eds.<\/p>\n<p class=\"mb-6\">La alcald\u00eda de Comayagua el a\u00f1o pasado pag\u00f3 la renta del local para que las y los ni\u00f1os de este jard\u00edn recibieran sus clases mientras se reconstru\u00eda el edificio, y actualmente les apoya con el pago de la maestra de ingl\u00e9s y personal de aseo.<\/p>\n<p class=\"mb-6\">\u201cNos alegra mucho, ya que desde el 2018 venimos haciendo esfuerzos, gestiones ante el FHIS, y\u00a0diversos organismos para la construcci\u00f3n de este importante centro educativo preb\u00e1sico, gracias a Dios, por fin se logr\u00f3 la reconstrucci\u00f3n total; como alcald\u00eda hicimos grandes esfuerzos, realizamos varias mejoras, sin embargo, el edificio era muy antiguo y de mala construcci\u00f3n; ahora vemos una reconstrucci\u00f3n total\u201d, destac\u00f3 el jefe municipal.<\/p>\n<h2><strong>CALIDAD Y BELLEZA<\/strong><\/h2>\n<p>Bajo arquitectura colonial de acuerdo al centro hist\u00f3rico de Comayagua, el Jard\u00edn de Ni\u00f1os Sagrado Coraz\u00f3n cuenta con toda la comodidad, calidad y belleza.<\/p>\n<p class=\"mb-6\">Miranda, detall\u00f3 \u201cbajo arquitectura colonial de acuerdo al centro hist\u00f3rico de Comayagua, adem\u00e1s cuenta con toda la comodidad, calidad y belleza, esto hace que nuestros ni\u00f1os y ni\u00f1as se sientan felices al contar con un lugar digno para su educaci\u00f3n\u201d.<\/p>\n<p class=\"mb-6\">Alejandra Discua, directora del Jard\u00edn \u201cSagrado Coraz\u00f3n\u201d, declar\u00f3 que \u201cel Fondo Hondure\u00f1o de Inversi\u00f3n Social, realiz\u00f3 un aporte de 11 millones de lempiras en este proyecto, sin embargo, no podemos dejar de reconocer el apoyo de la alcald\u00eda de Comayagua, agradecemos al se\u00f1or alcalde Carlos Miranda y su corporaci\u00f3n municipal, por el valioso aporte que brinda a este centro educativo\u201d.<\/p>\n<p class=\"mb-6\">\u201cMientras se constru\u00eda el edificio nos apoy\u00f3 con el pago de la renta del local donde est\u00e1bamos funcionando, tambi\u00e9n nos paga la maestra de ingl\u00e9s y una aseadora; el apoyo del alcalde ha sido incondicional, estamos muy agradecidos, ya que siempre se muestra accesible a las solicitudes que le hacemos como Jard\u00edn de Ni\u00f1os Sagrado Coraz\u00f3n\u201d, afirm\u00f3 Discua. (REMB)<\/p>\n<p>Las autoridades del gobierno central inauguraron la importante obra.<br \/>\nEl alcalde de Comayagua, Carlos Miranda, destac\u00f3 que \u201cpor fin se logr\u00f3 la reconstrucci\u00f3n total de este centro educativo\u201d.<\/p>\n","protected":false},"excerpt":{"rendered":"<p>COMAYAGUA. 30.04.2024 Personal docente, administrativo y padres de familia del Jard\u00edn de Ni\u00f1os \u201cSagrado Coraz\u00f3n\u201d, estrenan nuevas instalaciones reconstruidas por el gobierno de la Rep\u00fablica, obras que desde el 2018 gestion\u00f3 el alcalde Carlos Miranda, junto con maestras y la sociedad de padres de familia. La ceremonia de inauguraci\u00f3n fue presidida por la mandataria, Xiomara &hellip;<\/p>\n","protected":false},"author":0,"featured_media":71506,"comment_status":"open","ping_status":"open","sticky":false,"template":"","format":"standard","meta":{"_jetpack_memberships_contains_paid_content":false,"footnotes":""},"categories":[5],"tags":[],"class_list":["post-71505","post","type-post","status-publish","format-standard","has-post-thumbnail","","category-noticias"],"jetpack_sharing_enabled":true,"jetpack_featured_media_url":"https:\/\/mickyandoniehn.com\/radio\/wp-content\/uploads\/2024\/04\/COMAYAGUA-JARDIN-DE-NINOS.JPG-qhtvmp.jpeg","_links":{"self":[{"href":"https:\/\/mickyandoniehn.com\/radio\/wp-json\/wp\/v2\/posts\/71505","targetHints":{"allow":["GET"]}}],"collection":[{"href":"https:\/\/mickyandoniehn.com\/radio\/wp-json\/wp\/v2\/posts"}],"about":[{"href":"https:\/\/mickyandoniehn.com\/radio\/wp-json\/wp\/v2\/types\/post"}],"replies":[{"embeddable":true,"href":"https:\/\/mickyandoniehn.com\/radio\/wp-json\/wp\/v2\/comments?post=71505"}],"version-history":[{"count":0,"href":"https:\/\/mickyandoniehn.com\/radio\/wp-json\/wp\/v2\/posts\/71505\/revisions"}],"wp:featuredmedia":[{"embeddable":true,"href":"https:\/\/mickyandoniehn.com\/radio\/wp-json\/wp\/v2\/media\/71506"}],"wp:attachment":[{"href":"https:\/\/mickyandoniehn.com\/radio\/wp-json\/wp\/v2\/media?parent=71505"}],"wp:term":[{"taxonomy":"category","embeddable":true,"href":"https:\/\/mickyandoniehn.com\/radio\/wp-json\/wp\/v2\/categories?post=71505"},{"taxonomy":"post_tag","embeddable":true,"href":"https:\/\/mickyandoniehn.com\/radio\/wp-json\/wp\/v2\/tags?post=71505"}],"curies":[{"name":"wp","href":"https:\/\/api.w.org\/{rel}","templated":true}]}}