{"id":71501,"date":"2024-04-30T10:12:54","date_gmt":"2024-04-30T16:12:54","guid":{"rendered":"http:\/\/mickyandoniehn.com\/radio\/2024\/04\/30\/laida-garcia-emprendedora-garifuna-gana-el-premio-de-desarrollo-socioeconomico\/"},"modified":"2024-04-30T10:12:54","modified_gmt":"2024-04-30T16:12:54","slug":"laida-garcia-emprendedora-garifuna-gana-el-premio-de-desarrollo-socioeconomico","status":"publish","type":"post","link":"https:\/\/mickyandoniehn.com\/radio\/2024\/04\/30\/laida-garcia-emprendedora-garifuna-gana-el-premio-de-desarrollo-socioeconomico\/","title":{"rendered":"Laida Garc\u00eda emprendedora gar\u00edfuna gana el premio de Desarrollo Socioecon\u00f3mico"},"content":{"rendered":"<\/p>\n<p><strong>Tegucigalpa. 30.04.2024<\/strong><\/p>\n<p class=\"mb-6\">La conmemoraci\u00f3n del Mes de la Herencia Africana en Honduras destaca las contribuciones significativas de individuos y organizaciones a la preservaci\u00f3n y promoci\u00f3n de la cultura afrodescendiente en el pa\u00eds.<\/p>\n<p class=\"mb-6\">En este contexto, la historia de Laida Garc\u00eda, una emprendedora gar\u00edfuna, ejemplifica el esp\u00edritu de resiliencia y determinaci\u00f3n para mantener viva la rica herencia cultural.<\/p>\n<p class=\"mb-6\">Desde sus humildes or\u00edgenes en la comunidad de Sambo Creek, hasta emigrar a la capital ha sido de constantes retos y lucha de superaci\u00f3n hasta constituir su marca e incurionar en el mercado nacional e internacional con sus productos.<\/p>\n<p class=\"mb-6\">Laida dijo que con su marca \u201cEchuni\u201d, personifica la capacidad de convertir desaf\u00edos en oportunidades y honrar el legado de sus ancestros al contribuir al rescate y difusi\u00f3n de la identidad gar\u00edfuna en Honduras.<\/p>\n<p class=\"mb-6\">Su historia ilustra c\u00f3mo el Mes de la Herencia Africana es una ocasi\u00f3n para celebrar no solo el pasado, sino tambi\u00e9n el presente y el futuro de la cultura afrodescendiente en la naci\u00f3n.<\/p>\n<p>Layda produce el gu\u00edfiti mentolado, dulce, a\u00f1ejado y el tradicional.<\/p>\n<p class=\"mb-6\">Adem\u00e1s, como destinataria de uno de los premios en la categor\u00eda socioecon\u00f3mica, Laida encarna el impacto positivo que individuos comprometidos pueden tener en el desarrollo econ\u00f3mico y social de sus comunidades.<\/p>\n<p class=\"mb-6\">Su reconocimiento no solo celebra sus logros personales, sino que tambi\u00e9n destaca el potencial transformador de iniciativas empresariales arraigadas en la herencia cultural.<\/p>\n<p class=\"mb-6\">Al recibir este premio, Laida se convierte en un s\u00edmbolo inspirador para otros emprendedores afrodescendientes, demostrando que la perseverancia y la pasi\u00f3n pueden superar cualquier obst\u00e1culo en el camino hacia el \u00e9xito.<\/p>\n<p class=\"mb-6\">Su historia ejemplifica la importancia de reconocer y apoyar a aquellos que trabajan incansablemente para fortalecer el tejido socioecon\u00f3mico de sus comunidades, enriqueciendo as\u00ed el panorama cultural y empresarial de Honduras.<\/p>\n<p class=\"mb-6\">La conmemoraci\u00f3n del Mes de la Herencia Africana en Honduras es mucho m\u00e1s que una celebraci\u00f3n anual; es un recordatorio de la diversidad y la riqueza de la cultura afrodescendiente en la naci\u00f3n.<\/p>\n<p class=\"mb-6\">Este mes es un momento para reflexionar sobre el legado de los ancestros africanos y para reconocer las contribuciones invaluables de aquellos que trabajan incansablemente para preservar y promover esta herencia viva.<\/p>\n<p>Laida Garc\u00eda<\/p>\n<p class=\"mb-6\">El reconocimiento de Laida Garc\u00eda en la categor\u00eda socioecon\u00f3mica resalta la importancia de la inclusi\u00f3n y la equidad en el desarrollo econ\u00f3mico de Honduras.<\/p>\n<p class=\"mb-6\">Su \u00e9xito empresarial no solo ha generado empleo y oportunidades, sino que tambi\u00e9n ha sido un ejemplo de empoderamiento y superaci\u00f3n para otros afrodescendientes que buscan seguir sus pasos.<\/p>\n<p class=\"mb-6\">Al recibir este premio, Laida se convierte en un faro de esperanza y un modelo a seguir para las generaciones futuras.<\/p>\n<p class=\"mb-6\">Su historia inspira a aquellos que enfrentan desaf\u00edos similares a perseguir sus sue\u00f1os con valent\u00eda y determinaci\u00f3n, record\u00e1ndoles que, aunque el camino puede ser dif\u00edcil, el trabajo arduo y la dedicaci\u00f3n siempre trae recompensas.<\/p>\n<p class=\"mb-6\">La ceremonia de entrega de los Premios Mes de la Herencia Africana 2024 ser\u00e1 un momento de orgullo y celebraci\u00f3n, no solo para Laida y los dem\u00e1s galardonados, sino para toda la comunidad afrodescendiente en Honduras.<\/p>\n<p class=\"mb-6\">Es un recordatorio de que, a trav\u00e9s del amor y el compromiso con nuestras ra\u00edces, podemos construir un futuro m\u00e1s inclusivo y pr\u00f3spero para todos.<\/p>\n<p>Laida tiene un recetario de bebidas gar\u00edfunas que ha sido un \u00e9xito.<\/p>\n","protected":false},"excerpt":{"rendered":"<p>Tegucigalpa. 30.04.2024 La conmemoraci\u00f3n del Mes de la Herencia Africana en Honduras destaca las contribuciones significativas de individuos y organizaciones a la preservaci\u00f3n y promoci\u00f3n de la cultura afrodescendiente en el pa\u00eds. En este contexto, la historia de Laida Garc\u00eda, una emprendedora gar\u00edfuna, ejemplifica el esp\u00edritu de resiliencia y determinaci\u00f3n para mantener viva la rica &hellip;<\/p>\n","protected":false},"author":0,"featured_media":71502,"comment_status":"open","ping_status":"open","sticky":false,"template":"","format":"standard","meta":{"_jetpack_memberships_contains_paid_content":false,"footnotes":""},"categories":[5],"tags":[],"class_list":["post-71501","post","type-post","status-publish","format-standard","has-post-thumbnail","","category-noticias"],"jetpack_sharing_enabled":true,"jetpack_featured_media_url":"https:\/\/mickyandoniehn.com\/radio\/wp-content\/uploads\/2024\/04\/Laida-Garcia-1-0Zg96u.jpeg","_links":{"self":[{"href":"https:\/\/mickyandoniehn.com\/radio\/wp-json\/wp\/v2\/posts\/71501","targetHints":{"allow":["GET"]}}],"collection":[{"href":"https:\/\/mickyandoniehn.com\/radio\/wp-json\/wp\/v2\/posts"}],"about":[{"href":"https:\/\/mickyandoniehn.com\/radio\/wp-json\/wp\/v2\/types\/post"}],"replies":[{"embeddable":true,"href":"https:\/\/mickyandoniehn.com\/radio\/wp-json\/wp\/v2\/comments?post=71501"}],"version-history":[{"count":0,"href":"https:\/\/mickyandoniehn.com\/radio\/wp-json\/wp\/v2\/posts\/71501\/revisions"}],"wp:featuredmedia":[{"embeddable":true,"href":"https:\/\/mickyandoniehn.com\/radio\/wp-json\/wp\/v2\/media\/71502"}],"wp:attachment":[{"href":"https:\/\/mickyandoniehn.com\/radio\/wp-json\/wp\/v2\/media?parent=71501"}],"wp:term":[{"taxonomy":"category","embeddable":true,"href":"https:\/\/mickyandoniehn.com\/radio\/wp-json\/wp\/v2\/categories?post=71501"},{"taxonomy":"post_tag","embeddable":true,"href":"https:\/\/mickyandoniehn.com\/radio\/wp-json\/wp\/v2\/tags?post=71501"}],"curies":[{"name":"wp","href":"https:\/\/api.w.org\/{rel}","templated":true}]}}