{"id":71499,"date":"2024-04-30T07:12:32","date_gmt":"2024-04-30T13:12:32","guid":{"rendered":"https:\/\/mickyandoniehn.com\/radio\/2024\/04\/30\/honduras-en-la-historia-30-de-abril-1830-palabras-de-morazan-en-el-acto-de-toma-de-posesion-de-honduras\/"},"modified":"2024-04-30T07:12:32","modified_gmt":"2024-04-30T13:12:32","slug":"honduras-en-la-historia-30-de-abril-1830-palabras-de-morazan-en-el-acto-de-toma-de-posesion-de-honduras","status":"publish","type":"post","link":"https:\/\/mickyandoniehn.com\/radio\/2024\/04\/30\/honduras-en-la-historia-30-de-abril-1830-palabras-de-morazan-en-el-acto-de-toma-de-posesion-de-honduras\/","title":{"rendered":"Honduras en la Historia: 30 de Abril 1830, Palabras de Moraz\u00e1n en el acto de toma de posesi\u00f3n de Honduras"},"content":{"rendered":"<\/p>\n<div class=\"xdj266r x11i5rnm xat24cr x1mh8g0r x1vvkbs x126k92a\">\n<div>Honduras en la historia, 30 de Abril 1830<\/div>\n<div>Palabras de Moraz\u00e1n en el acto de toma de posesi\u00f3n de Honduras<\/div>\n<div><\/div>\n<\/div>\n<div class=\"x11i5rnm xat24cr x1mh8g0r x1vvkbs xtlvy1s x126k92a\">\n<div>En el acto de toma de posesi\u00f3n, celebrado el 30 de abril de 1830, Moraz\u00e1n expres\u00f3: \u201cEl pueblo soberano me manda colocarme en el m\u00e1s peligroso de sus destinos. Debo obedecer y cumplir el solemne juramento que acabo de prestar. Ofrezco sostener la Constituci\u00f3n Federal que eh defendido como soldado y como ciudadano\u201d.<\/div>\n<\/div>\n<div class=\"x11i5rnm xat24cr x1mh8g0r x1vvkbs xtlvy1s x126k92a\">\n<div>*Fuente: Ciencias Sociales 3er Grado, Tercera Edici\u00f3n (Secretar\u00eda de Educaci\u00f3n)<\/div>\n<\/div>\n<p>\u00a0<\/p><\/p>\n","protected":false},"excerpt":{"rendered":"<p>Honduras en la historia, 30 de Abril 1830 Palabras de Moraz\u00e1n en el acto de toma de posesi\u00f3n de Honduras En el acto de toma de posesi\u00f3n, celebrado el 30 de abril de 1830, Moraz\u00e1n expres\u00f3: \u201cEl pueblo soberano me manda colocarme en el m\u00e1s peligroso de sus destinos. Debo obedecer y cumplir el solemne &hellip;<\/p>\n","protected":false},"author":0,"featured_media":71500,"comment_status":"open","ping_status":"open","sticky":false,"template":"","format":"standard","meta":{"_jetpack_memberships_contains_paid_content":false,"footnotes":""},"categories":[5],"tags":[],"class_list":["post-71499","post","type-post","status-publish","format-standard","has-post-thumbnail","","category-noticias"],"jetpack_sharing_enabled":true,"jetpack_featured_media_url":"https:\/\/mickyandoniehn.com\/radio\/wp-content\/uploads\/2024\/04\/30.1-5TjZYu.jpeg","_links":{"self":[{"href":"https:\/\/mickyandoniehn.com\/radio\/wp-json\/wp\/v2\/posts\/71499","targetHints":{"allow":["GET"]}}],"collection":[{"href":"https:\/\/mickyandoniehn.com\/radio\/wp-json\/wp\/v2\/posts"}],"about":[{"href":"https:\/\/mickyandoniehn.com\/radio\/wp-json\/wp\/v2\/types\/post"}],"replies":[{"embeddable":true,"href":"https:\/\/mickyandoniehn.com\/radio\/wp-json\/wp\/v2\/comments?post=71499"}],"version-history":[{"count":0,"href":"https:\/\/mickyandoniehn.com\/radio\/wp-json\/wp\/v2\/posts\/71499\/revisions"}],"wp:featuredmedia":[{"embeddable":true,"href":"https:\/\/mickyandoniehn.com\/radio\/wp-json\/wp\/v2\/media\/71500"}],"wp:attachment":[{"href":"https:\/\/mickyandoniehn.com\/radio\/wp-json\/wp\/v2\/media?parent=71499"}],"wp:term":[{"taxonomy":"category","embeddable":true,"href":"https:\/\/mickyandoniehn.com\/radio\/wp-json\/wp\/v2\/categories?post=71499"},{"taxonomy":"post_tag","embeddable":true,"href":"https:\/\/mickyandoniehn.com\/radio\/wp-json\/wp\/v2\/tags?post=71499"}],"curies":[{"name":"wp","href":"https:\/\/api.w.org\/{rel}","templated":true}]}}