{"id":71435,"date":"2024-04-27T10:12:50","date_gmt":"2024-04-27T16:12:50","guid":{"rendered":"http:\/\/mickyandoniehn.com\/radio\/2024\/04\/27\/condecoraran-a-garifunas-que-han-puesto-en-alto-el-nombre-de-honduras\/"},"modified":"2024-04-27T10:12:50","modified_gmt":"2024-04-27T16:12:50","slug":"condecoraran-a-garifunas-que-han-puesto-en-alto-el-nombre-de-honduras","status":"publish","type":"post","link":"https:\/\/mickyandoniehn.com\/radio\/2024\/04\/27\/condecoraran-a-garifunas-que-han-puesto-en-alto-el-nombre-de-honduras\/","title":{"rendered":"Condecorar\u00e1n a gar\u00edfunas que han puesto en alto el nombre de Honduras"},"content":{"rendered":"<\/p>\n<p><strong>Tegucigalpa. 27.04.2024<\/strong><\/p>\n<p class=\"mb-6\">El Congreso Nacional (CN) aprob\u00f3 este mi\u00e9rcoles un decreto de ley para otorgar condecoraci\u00f3n con placa de oro y pergamino a destacados hombres y mujeres afrodescendientes que con su m\u00e9rito y trayectoria en \u00e1reas como arte, la cultura, la ciencia y el deporte, han enaltecido el nombre de Honduras.<\/p>\n<p class=\"mb-6\">En la n\u00f3mina se encuentran: H\u00e9ctor Orlando Ruiz Mart\u00ednez, Juan L\u00f3pez R\u00f3chez, Walter Ra\u00fal Miranda Sabio, Sergio Israel Ballesteros Fern\u00e1ndez, Miguel Alberto Gonz\u00e1lez Mena, F\u00e9lix Gamboa, Ashanti Crisanto Peralta, Santiago Jaime Ruiz, Jerry Francisco Sabio, Aurelio Mart\u00ednez Suazo e Isidro Noel Ruiz Mart\u00ednez.<\/p>\n<p class=\"mb-6\">Entre el listado de gar\u00edfunas propuestos para ser galardonados por su distinguida labor y aporte a la sociedad, tambi\u00e9n figuran destacados m\u00e9dicos, educadores y deportistas entre ellos, Perla Simons Morales, George Frazer, Emec Cherenfant Laurent, Eulogio Palacios y V\u00edctor Virgilio L\u00f3pez Garc\u00eda.<\/p>\n<p class=\"mb-6\">Asimismo, Shirley L\u00f3pez, Dennys R\u00f3chez Reyes, Sebastiana, Arriola G\u00fcity, Cle\u00f3fes Castillo Norales y Mar\u00eda Josefina Suazo Casildo.<\/p>\n<p>Jerry Sabio, Santiago Jaime Ruiz y Miguel Alberto Gonz\u00e1lez.<\/p>\n<h3 class=\"mb-6 font-semibold text-2xl\">VALIOSO APORTE AL PA\u00cdS<\/h3>\n<p class=\"mb-6\">Considerando que estos distinguidos profesionales han brindado un significativo aporte al pa\u00eds, el Congreso Nacional decret\u00f3 otorgar condecoraci\u00f3n con placa de oro y pergamino a destacados hombres y mujeres afrodescendientes, que con su m\u00e9rito han enaltecido a Honduras.<\/p>\n<p class=\"mb-6\">La iniciativa se aprueba en el marco del mes de la Herencia Africana en Honduras, que conmemora 227 a\u00f1os de su llegada al territorio nacional.<\/p>\n<p class=\"mb-6\">La misma fue presentada por el vicepresidente alterno del Congreso Nacional, Tom\u00e1s Ram\u00edrez, diputado del Partido Salvador de Honduras (PSH).<\/p>\n<p>Walter Miranda, George Frazer y Aurelio Mart\u00ednez.<br \/>\nPerla Simons, Emec Cherenfant y Juan L\u00f3pez R\u00f3chez.<\/p>\n<p>Fuente: latribuna.hn<\/p>\n","protected":false},"excerpt":{"rendered":"<p>Tegucigalpa. 27.04.2024 El Congreso Nacional (CN) aprob\u00f3 este mi\u00e9rcoles un decreto de ley para otorgar condecoraci\u00f3n con placa de oro y pergamino a destacados hombres y mujeres afrodescendientes que con su m\u00e9rito y trayectoria en \u00e1reas como arte, la cultura, la ciencia y el deporte, han enaltecido el nombre de Honduras. En la n\u00f3mina se &hellip;<\/p>\n","protected":false},"author":0,"featured_media":71436,"comment_status":"open","ping_status":"open","sticky":false,"template":"","format":"standard","meta":{"_jetpack_memberships_contains_paid_content":false,"footnotes":""},"categories":[5],"tags":[],"class_list":["post-71435","post","type-post","status-publish","format-standard","has-post-thumbnail","","category-noticias"],"jetpack_sharing_enabled":true,"jetpack_featured_media_url":"https:\/\/mickyandoniehn.com\/radio\/wp-content\/uploads\/2024\/04\/GARIFUNAS-3-e9doB8.jpeg","_links":{"self":[{"href":"https:\/\/mickyandoniehn.com\/radio\/wp-json\/wp\/v2\/posts\/71435","targetHints":{"allow":["GET"]}}],"collection":[{"href":"https:\/\/mickyandoniehn.com\/radio\/wp-json\/wp\/v2\/posts"}],"about":[{"href":"https:\/\/mickyandoniehn.com\/radio\/wp-json\/wp\/v2\/types\/post"}],"replies":[{"embeddable":true,"href":"https:\/\/mickyandoniehn.com\/radio\/wp-json\/wp\/v2\/comments?post=71435"}],"version-history":[{"count":0,"href":"https:\/\/mickyandoniehn.com\/radio\/wp-json\/wp\/v2\/posts\/71435\/revisions"}],"wp:featuredmedia":[{"embeddable":true,"href":"https:\/\/mickyandoniehn.com\/radio\/wp-json\/wp\/v2\/media\/71436"}],"wp:attachment":[{"href":"https:\/\/mickyandoniehn.com\/radio\/wp-json\/wp\/v2\/media?parent=71435"}],"wp:term":[{"taxonomy":"category","embeddable":true,"href":"https:\/\/mickyandoniehn.com\/radio\/wp-json\/wp\/v2\/categories?post=71435"},{"taxonomy":"post_tag","embeddable":true,"href":"https:\/\/mickyandoniehn.com\/radio\/wp-json\/wp\/v2\/tags?post=71435"}],"curies":[{"name":"wp","href":"https:\/\/api.w.org\/{rel}","templated":true}]}}