{"id":71411,"date":"2024-04-26T13:12:56","date_gmt":"2024-04-26T19:12:56","guid":{"rendered":"http:\/\/mickyandoniehn.com\/radio\/2024\/04\/26\/estudio-danzarte-celebra-su-16-aniversario-con-el-cascanueces\/"},"modified":"2024-04-26T13:12:56","modified_gmt":"2024-04-26T19:12:56","slug":"estudio-danzarte-celebra-su-16-aniversario-con-el-cascanueces","status":"publish","type":"post","link":"https:\/\/mickyandoniehn.com\/radio\/2024\/04\/26\/estudio-danzarte-celebra-su-16-aniversario-con-el-cascanueces\/","title":{"rendered":"Estudio Danzarte celebra su 16 aniversario con \u201cEl Cascanueces\u201d"},"content":{"rendered":"<\/p>\n<p class=\"mb-6\"><em><strong>SIGUATEPEQUE, Comayagua.<\/strong><\/em>La directora de la academia Estudio Danzarte, Sara Buck, junto a sus alumnos celebraron con una velada art\u00edstica el d\u00e9cimo sexto aniversario del legendario centro de ense\u00f1anza de danzas en todas sus disciplinas.<\/p>\n<p class=\"mb-6\">La comunidad docente estudiantil de academia Estudio Danzarte festej\u00f3 con la presentaci\u00f3n del espect\u00e1culo completo \u201cClara y El Cascanueces\u201d, con una duraci\u00f3n de una hora y 15 minutos.<\/p>\n<p class=\"mb-6\">Buck, detall\u00f3 que \u201cen el show participaron m\u00e1s de 120 artistas, locales y nacionales, de 3 a\u00f1os en adelante\u201d.<\/p>\n<p class=\"mb-6\">El argumento del espect\u00e1culo est\u00e1 basado en el Ballet \u201cEl Cascanueces\u201d y es una adaptaci\u00f3n de Estudio Danzarte bajo la direcci\u00f3n de su persona.<\/p>\n<p>En la puesta en escena de la obra participaron alumnos desde los tres a\u00f1os de edad en adelante.<\/p>\n<h3 class=\"mb-6 font-semibold text-2xl\">CUENTO DE HADAS<\/h3>\n<p class=\"mb-6\">La historia del arte registra que \u201cEl Cascanueces\u201d es un cuento de hadas y ballet estructurado en dos actos, que fue encargado por el director de los teatros imperiales de la Rusia zarista, Iv\u00e1n Vs\u00e9volozhsky, en 1891 y se estren\u00f3 en 1892, con la m\u00fasica compuesta por el gran compositor Piotr Ilich Chaikovski, entre 1891 y 1892.<\/p>\n<p class=\"mb-6\">\u201cEl Cascanueces\u201d se basa en una historia de la autora alemana Eta Hoffmann y se trata de un regalo de Navidad, cuando un cascanueces cobra vida como un apuesto pr\u00edncipe y se lleva a la joven que lo recibi\u00f3 como regalo a unas fant\u00e1sticas aventuras.<\/p>\n<p class=\"mb-6\">La profesional de la danza, Sara Buck, destac\u00f3 que \u201cdesde 2018, es tradici\u00f3n que Estudio Danzarte celebre su aniversario ofreciendo de manera gratuita el show que estren\u00f3 en diciembre previo, el evento fue posible gracias a empresas patrocinadoras de la ciudad que apoyan el arte\u201d.\u00a0<em><strong><span>(REMB)<\/span><\/strong><\/em><\/p>\n<p>La legendaria academia \u201cEstudio Danzarte\u201d cumpli\u00f3 su 16 aniversario con espect\u00e1culo del Ballet \u201cEl Cascanueces\u201d, del compositor Piotr Ilich Chaikovski.<\/p>\n","protected":false},"excerpt":{"rendered":"<p>SIGUATEPEQUE, Comayagua.La directora de la academia Estudio Danzarte, Sara Buck, junto a sus alumnos celebraron con una velada art\u00edstica el d\u00e9cimo sexto aniversario del legendario centro de ense\u00f1anza de danzas en todas sus disciplinas. La comunidad docente estudiantil de academia Estudio Danzarte festej\u00f3 con la presentaci\u00f3n del espect\u00e1culo completo \u201cClara y El Cascanueces\u201d, con una &hellip;<\/p>\n","protected":false},"author":0,"featured_media":71412,"comment_status":"open","ping_status":"open","sticky":false,"template":"","format":"standard","meta":{"_jetpack_memberships_contains_paid_content":false,"footnotes":""},"categories":[5],"tags":[],"class_list":["post-71411","post","type-post","status-publish","format-standard","has-post-thumbnail","","category-noticias"],"jetpack_sharing_enabled":true,"jetpack_featured_media_url":"https:\/\/mickyandoniehn.com\/radio\/wp-content\/uploads\/2024\/04\/SIGUATEPEQUE-DANZARTE-Lw6Cqu.jpeg","_links":{"self":[{"href":"https:\/\/mickyandoniehn.com\/radio\/wp-json\/wp\/v2\/posts\/71411","targetHints":{"allow":["GET"]}}],"collection":[{"href":"https:\/\/mickyandoniehn.com\/radio\/wp-json\/wp\/v2\/posts"}],"about":[{"href":"https:\/\/mickyandoniehn.com\/radio\/wp-json\/wp\/v2\/types\/post"}],"replies":[{"embeddable":true,"href":"https:\/\/mickyandoniehn.com\/radio\/wp-json\/wp\/v2\/comments?post=71411"}],"version-history":[{"count":0,"href":"https:\/\/mickyandoniehn.com\/radio\/wp-json\/wp\/v2\/posts\/71411\/revisions"}],"wp:featuredmedia":[{"embeddable":true,"href":"https:\/\/mickyandoniehn.com\/radio\/wp-json\/wp\/v2\/media\/71412"}],"wp:attachment":[{"href":"https:\/\/mickyandoniehn.com\/radio\/wp-json\/wp\/v2\/media?parent=71411"}],"wp:term":[{"taxonomy":"category","embeddable":true,"href":"https:\/\/mickyandoniehn.com\/radio\/wp-json\/wp\/v2\/categories?post=71411"},{"taxonomy":"post_tag","embeddable":true,"href":"https:\/\/mickyandoniehn.com\/radio\/wp-json\/wp\/v2\/tags?post=71411"}],"curies":[{"name":"wp","href":"https:\/\/api.w.org\/{rel}","templated":true}]}}