{"id":71405,"date":"2024-04-26T13:12:50","date_gmt":"2024-04-26T19:12:50","guid":{"rendered":"http:\/\/mickyandoniehn.com\/radio\/2024\/04\/26\/veda-de-pesca-en-lagunas-de-tela-inicia-el-30-de-abril\/"},"modified":"2024-04-26T13:12:50","modified_gmt":"2024-04-26T19:12:50","slug":"veda-de-pesca-en-lagunas-de-tela-inicia-el-30-de-abril","status":"publish","type":"post","link":"https:\/\/mickyandoniehn.com\/radio\/2024\/04\/26\/veda-de-pesca-en-lagunas-de-tela-inicia-el-30-de-abril\/","title":{"rendered":"Veda de pesca en lagunas de Tela inicia el 30 de abril"},"content":{"rendered":"<\/p>\n<p class=\"mb-6\"><em><strong>TELA, Atl\u00e1ntida.<\/strong><\/em>\u00a0Una veda de pesca para las lagunas en la jurisdicci\u00f3n de Tela, por dos meses, del 30 de abril al 30 de junio, fue lanzada ayer por autoridades civiles y militares.<\/p>\n<p class=\"mb-6\">El anuncio de la veda de pesca fue hecho para las lagunas de Los Micos, Negra, El Diamante e Hicaque, en la bah\u00eda de Tela.<\/p>\n<p class=\"mb-6\">En salvaguarda de la prohibici\u00f3n participan la Direcci\u00f3n General de Pesca (Digepesca), el Instituto de Conservaci\u00f3n Forestal (ICF), la Fuerza Naval, IV Batall\u00f3n de Infanter\u00eda, Batall\u00f3n Verde, AmaTela, Unidad Municipal de Ambiente (UMA), la Polic\u00eda Municipal de Tela, la Fundaci\u00f3n para la Protecci\u00f3n de Lancetilla, Punta Sal y Texiguat (Prolansate) y pobladores.<\/p>\n<p>Jorge Torres (Digepesca): \u201cLa medida puede tener efectos positivos en el ecosistema acu\u00e1tico en general\u201d.<\/p>\n<h3 class=\"mb-6 font-semibold text-2xl\">PRESERVACI\u00d3N DE PECES<\/h3>\n<p class=\"mb-6\">La prohibici\u00f3n de la pesca durante dos meses, llamado veda, puede afectar econ\u00f3micamente a los pescadores locales, pero a largo plazo la preservaci\u00f3n de los peces durante su per\u00edodo de reproducci\u00f3n puede aumentar las poblaciones y, a su vez, podr\u00eda beneficiar a los faenadores en temporadas posteriores con capturas m\u00e1s abundantes, se explic\u00f3.<\/p>\n<p class=\"mb-6\">Adem\u00e1s, la medida puede tener efectos positivos en el ecosistema acu\u00e1tico en general.<\/p>\n<p class=\"mb-6\">Permitir que los peces se reproduzcan sin interferencia humana durante este per\u00edodo ayudar\u00e1 a mantener y aumentar la diversidad gen\u00e9tica de las poblaciones, algo crucial para la salud a largo plazo de los ecosistemas acu\u00e1ticos, detall\u00f3 Jorge Torres, director de Digepesca, en conferencia de prensa.<\/p>\n<p class=\"mb-6\">Tambi\u00e9n podr\u00eda ayudar a evitar la sobreexplotaci\u00f3n de ciertas especies de peces, algo que a menudo conduce a desequilibrios en los ecosistemas y a la disminuci\u00f3n de otras especies.<\/p>\n<p class=\"mb-6\">En resumen, aunque esta medida puede causar dificultades temporales para algunos miembros de las comunidades, posee el potencial de tener beneficios significativos para el ecosistema y la sostenibilidad a largo plazo de la pesca en la regi\u00f3n, subray\u00f3 Torres.<\/p>\n<p>Autoridades de Digepesca, Prolansate, AmaTela y IV Batall\u00f3n, luego de la conferencia de prensa.<\/p>\n<h3 class=\"mb-6 font-semibold text-2xl\">LAS COMUNIDADES<\/h3>\n<p class=\"mb-6\">Entre las comunidades que va dirigida la veda son Miami, Los Cerritos, Los Cocos, Los Patos, El Mari\u00f3n, Las Tuzas, Agua Chiquita, San Juan, Tornab\u00e9, Puerto Arturo, Barra Vieja y Quebrada de Arena. Asimismo, se proceder\u00e1 a levantar el dictamen correspondiente para los procesos administrativos y\/o judiciales en los que se incurra por compra y venta del producto pesquero en veda.<\/p>\n<p class=\"mb-6\">Los peces decomisados durante la veda ser\u00e1n donados, seg\u00fan ley, por la oficina local de Digepesca a diversos centros en el municipio (hogar de ni\u00f1os, hogar de ancianos, hospitales, bomberos, entre otros), expres\u00f3 Torres.<\/p>\n<p class=\"mb-6\">Hacemos de conocimiento general que los cuatro (4) guarda recursos asignados a las \u00e1reas protegidas del municipio de Tela por el Fondo para el Manejo de las \u00c1reas Protegidas y Vida Silvestre (FAPVS) apoyar\u00e1n a la Digepesca, Fuerza Naval, IV Batall\u00f3n de Infanter\u00eda, Batall\u00f3n Verde, UMA Tela, Polic\u00eda Municipal, Prolansate e ICF, en el cumplimiento de las normativas establecidas para el periodo previo, durante y posterior a la veda lagunar.<\/p>\n<p class=\"mb-6\">Igualmente, incentivamos a las diversas comunidades a activar las Juntas de Vigilancia de los diversos patronatos para informar a las autoridades correspondientes sobre el ingreso de personas que no forman parte de sus comunidades y que buscan sobreexplotar los recursos pesqueros.<\/p>\n<p class=\"mb-6\">El comunicado es firmado por Rolando Castro, jefe oficina local de Digepesca, coordinador de la Mesa de Ordenamiento de la Pesca y Acuicultura y Jorge Torres, director de Digepesca.<\/p>\n<p class=\"mb-6\">Adem\u00e1s, participaron autoridades de Prolansate y el teniente coronel Mart\u00ednez, del IV Batall\u00f3n.<\/p>\n<p>Seg\u00fan Nelvin Bustamante, director de Prolansate, se decomisaron ejemplares por pesca ilegal con arp\u00f3n.<br \/>\nLa veda de pesca aplica para el sistema lagunar Los Micos y Quemado, Laguna Negra, Laguna de El Diamante y Laguna de Hicaque, en la bah\u00eda de Tela<\/p>\n","protected":false},"excerpt":{"rendered":"<p>TELA, Atl\u00e1ntida.\u00a0Una veda de pesca para las lagunas en la jurisdicci\u00f3n de Tela, por dos meses, del 30 de abril al 30 de junio, fue lanzada ayer por autoridades civiles y militares. El anuncio de la veda de pesca fue hecho para las lagunas de Los Micos, Negra, El Diamante e Hicaque, en la bah\u00eda &hellip;<\/p>\n","protected":false},"author":0,"featured_media":71406,"comment_status":"open","ping_status":"open","sticky":false,"template":"","format":"standard","meta":{"_jetpack_memberships_contains_paid_content":false,"footnotes":""},"categories":[5],"tags":[],"class_list":["post-71405","post","type-post","status-publish","format-standard","has-post-thumbnail","","category-noticias"],"jetpack_sharing_enabled":true,"jetpack_featured_media_url":"https:\/\/mickyandoniehn.com\/radio\/wp-content\/uploads\/2024\/04\/TELA-VEDA-LAGUNAR-2-nCnKcw.jpeg","_links":{"self":[{"href":"https:\/\/mickyandoniehn.com\/radio\/wp-json\/wp\/v2\/posts\/71405","targetHints":{"allow":["GET"]}}],"collection":[{"href":"https:\/\/mickyandoniehn.com\/radio\/wp-json\/wp\/v2\/posts"}],"about":[{"href":"https:\/\/mickyandoniehn.com\/radio\/wp-json\/wp\/v2\/types\/post"}],"replies":[{"embeddable":true,"href":"https:\/\/mickyandoniehn.com\/radio\/wp-json\/wp\/v2\/comments?post=71405"}],"version-history":[{"count":0,"href":"https:\/\/mickyandoniehn.com\/radio\/wp-json\/wp\/v2\/posts\/71405\/revisions"}],"wp:featuredmedia":[{"embeddable":true,"href":"https:\/\/mickyandoniehn.com\/radio\/wp-json\/wp\/v2\/media\/71406"}],"wp:attachment":[{"href":"https:\/\/mickyandoniehn.com\/radio\/wp-json\/wp\/v2\/media?parent=71405"}],"wp:term":[{"taxonomy":"category","embeddable":true,"href":"https:\/\/mickyandoniehn.com\/radio\/wp-json\/wp\/v2\/categories?post=71405"},{"taxonomy":"post_tag","embeddable":true,"href":"https:\/\/mickyandoniehn.com\/radio\/wp-json\/wp\/v2\/tags?post=71405"}],"curies":[{"name":"wp","href":"https:\/\/api.w.org\/{rel}","templated":true}]}}