{"id":70931,"date":"2024-04-16T17:12:44","date_gmt":"2024-04-16T23:12:44","guid":{"rendered":"http:\/\/mickyandoniehn.com\/radio\/2024\/04\/16\/70-maestros-de-roatan-recibiran-capacitacion-en-catedra-morazanica\/"},"modified":"2024-04-16T17:12:44","modified_gmt":"2024-04-16T23:12:44","slug":"70-maestros-de-roatan-recibiran-capacitacion-en-catedra-morazanica","status":"publish","type":"post","link":"https:\/\/mickyandoniehn.com\/radio\/2024\/04\/16\/70-maestros-de-roatan-recibiran-capacitacion-en-catedra-morazanica\/","title":{"rendered":"70 Maestros de Roat\u00e1n recibir\u00e1n capacitaci\u00f3n en C\u00e1tedra Moraz\u00e1nica"},"content":{"rendered":"<\/p>\n<p><strong>Roat\u00e1n. 16.04.2024<\/strong><\/p>\n<p>En un esfuerzo por fortalecer el conocimiento sobre la figura de Francisco Moraz\u00e1n en el sistema educativo, unos 70 maestros de Roat\u00e1n se preparan para recibir una capacitaci\u00f3n especial en la denominada c\u00e1tedra moraz\u00e1nica. Estas declaraciones fueron dadas por el Director Departamental de Educaci\u00f3n, Leonel Amaya, quien destac\u00f3 la importancia de este programa tanto para los educadores como para los estudiantes que est\u00e1n pr\u00f3ximos a graduarse.<\/p>\n<p>La c\u00e1tedra moraz\u00e1nica aborda aspectos fundamentales sobre la vida y el pensamiento del pr\u00f3cer centroamericano Francisco Moraz\u00e1n, incluyendo temas relacionados con la historia, la pol\u00edtica y los valores c\u00edvicos. Seg\u00fan Amaya, esta iniciativa es impulsada por el Ministerio de Educaci\u00f3n o la Secretar\u00eda de Educaci\u00f3n, con el objetivo de enriquecer el curr\u00edculo educativo y garantizar que tanto maestros como alumnos tengan un conocimiento s\u00f3lido sobre esta figura hist\u00f3rica.<\/p>\n<p>La capacitaci\u00f3n se enfocar\u00e1 en dotar a los docentes de las herramientas necesarias para impartir clases efectivas sobre la c\u00e1tedra moraz\u00e1nica, especialmente en \u00e1reas como sociales y c\u00edvicas. Asimismo, se destac\u00f3 que esta formaci\u00f3n es un requisito para los estudiantes que est\u00e1n pr\u00f3ximos a egresar, tanto de noveno grado como del nivel medio, quienes deben demostrar un conocimiento adecuado sobre la vida y el legado de Francisco Moraz\u00e1n.<\/p>\n<p>El evento de capacitaci\u00f3n, que abarcar\u00e1 tanto el \u00e1rea de educaci\u00f3n b\u00e1sica como media, busca garantizar que tanto maestros como estudiantes est\u00e9n preparados para comprender y valorar el papel de Moraz\u00e1n en la historia centroamericana, as\u00ed como su relevancia en la construcci\u00f3n de una sociedad basada en principios democr\u00e1ticos y de justicia social.<\/p>\n<p>Fuente: diarioroatan.com<\/p>\n","protected":false},"excerpt":{"rendered":"<p>Roat\u00e1n. 16.04.2024 En un esfuerzo por fortalecer el conocimiento sobre la figura de Francisco Moraz\u00e1n en el sistema educativo, unos 70 maestros de Roat\u00e1n se preparan para recibir una capacitaci\u00f3n especial en la denominada c\u00e1tedra moraz\u00e1nica. Estas declaraciones fueron dadas por el Director Departamental de Educaci\u00f3n, Leonel Amaya, quien destac\u00f3 la importancia de este programa &hellip;<\/p>\n","protected":false},"author":0,"featured_media":70932,"comment_status":"open","ping_status":"open","sticky":false,"template":"","format":"standard","meta":{"_jetpack_memberships_contains_paid_content":false,"footnotes":""},"categories":[5],"tags":[],"class_list":["post-70931","post","type-post","status-publish","format-standard","has-post-thumbnail","","category-noticias"],"jetpack_sharing_enabled":true,"jetpack_featured_media_url":"https:\/\/mickyandoniehn.com\/radio\/wp-content\/uploads\/2024\/04\/FotoJet-1-750x430-1-0Rrnfr.jpeg","_links":{"self":[{"href":"https:\/\/mickyandoniehn.com\/radio\/wp-json\/wp\/v2\/posts\/70931","targetHints":{"allow":["GET"]}}],"collection":[{"href":"https:\/\/mickyandoniehn.com\/radio\/wp-json\/wp\/v2\/posts"}],"about":[{"href":"https:\/\/mickyandoniehn.com\/radio\/wp-json\/wp\/v2\/types\/post"}],"replies":[{"embeddable":true,"href":"https:\/\/mickyandoniehn.com\/radio\/wp-json\/wp\/v2\/comments?post=70931"}],"version-history":[{"count":0,"href":"https:\/\/mickyandoniehn.com\/radio\/wp-json\/wp\/v2\/posts\/70931\/revisions"}],"wp:featuredmedia":[{"embeddable":true,"href":"https:\/\/mickyandoniehn.com\/radio\/wp-json\/wp\/v2\/media\/70932"}],"wp:attachment":[{"href":"https:\/\/mickyandoniehn.com\/radio\/wp-json\/wp\/v2\/media?parent=70931"}],"wp:term":[{"taxonomy":"category","embeddable":true,"href":"https:\/\/mickyandoniehn.com\/radio\/wp-json\/wp\/v2\/categories?post=70931"},{"taxonomy":"post_tag","embeddable":true,"href":"https:\/\/mickyandoniehn.com\/radio\/wp-json\/wp\/v2\/tags?post=70931"}],"curies":[{"name":"wp","href":"https:\/\/api.w.org\/{rel}","templated":true}]}}