{"id":70835,"date":"2024-04-15T12:12:41","date_gmt":"2024-04-15T18:12:41","guid":{"rendered":"https:\/\/mickyandoniehn.com\/radio\/2024\/04\/15\/avanzan-trabajos-de-reparacion-y-pavimentacion-de-calles-en-tela\/"},"modified":"2024-04-15T12:12:41","modified_gmt":"2024-04-15T18:12:41","slug":"avanzan-trabajos-de-reparacion-y-pavimentacion-de-calles-en-tela","status":"publish","type":"post","link":"https:\/\/mickyandoniehn.com\/radio\/2024\/04\/15\/avanzan-trabajos-de-reparacion-y-pavimentacion-de-calles-en-tela\/","title":{"rendered":"Avanzan trabajos de reparaci\u00f3n y pavimentaci\u00f3n de calles en Tela"},"content":{"rendered":"<\/p>\n<p class=\"mb-6\"><em><strong>TELA, Atl\u00e1ntida.<\/strong><\/em>El alcalde Ricardo C\u00e1lix ha establecido la pavimentaci\u00f3n y reparaci\u00f3n de calles como una prioridad desde el inicio de su mandato.<\/p>\n<p class=\"mb-6\">La decisi\u00f3n demuestra su compromiso con mejorar la infraestructura vial y la calidad de vida de los residentes de Tela. La inversi\u00f3n en este tipo de proyectos no solo mejora la movilidad y la accesibilidad, sino que tambi\u00e9n contribuye al desarrollo econ\u00f3mico y social de la ciudad, se indic\u00f3.<\/p>\n<p class=\"mb-6\">Para el caso, en la comunidad de La Fortaleza, se han priorizado la reparaci\u00f3n de accesos, dando as\u00ed una respuesta efectiva a las necesidades de movilidad de la gente del campo hacia la ciudad.<\/p>\n<p>El alcalde Ricardo C\u00e1lix supervisa que los trabajos de pavimentaci\u00f3n avancen en los barrios de Tela.<\/p>\n<p class=\"mb-6\">El jefe municipal manifest\u00f3 que tambi\u00e9n se trabaja en la reparaci\u00f3n de calles en Guayabal, Ramal del Tigre, facilitando el acceso a servicios b\u00e1sicos y oportunidades para los residentes de esa importante \u00e1rea.<\/p>\n<p class=\"mb-6\">\u201cEn dos a\u00f1os de gesti\u00f3n municipal hemos logrado un alcance notable al llegar a casi todas las comunidades y caser\u00edos del municipio, lo cual es impresionante y muestra un compromiso real con todos los habitantes\u201d, expres\u00f3 el jefe edilicio.<\/p>\n<p class=\"mb-6\">El alcalde agreg\u00f3 que la mayor\u00eda de los barrios y colonias de Tela ya lucen pavimentados, embelleciendo la ciudad, con un impacto positivo en la calidad de vida de sus habitantes.<\/p>\n<p class=\"mb-6\">La pavimentaci\u00f3n no solo mejora la est\u00e9tica urbana, sino que tambi\u00e9n aumenta la plusval\u00eda de las propiedades y proporciona beneficios tangibles, como una mejor accesibilidad, reducci\u00f3n del polvo y el barro, y mayor seguridad vial, detall\u00f3.\u00a0<em><strong>(RL)<\/strong><\/em><\/p>\n<p>Trabajos de reparaci\u00f3n y pavimentaci\u00f3n de calles en el barrio El Para\u00edso.<br \/>\nPavimentaci\u00f3n en el barrio \u201cTerencio Sierra\u201d, un sue\u00f1o desde hace muchos a\u00f1os de los vecinos.<\/p>\n","protected":false},"excerpt":{"rendered":"<p>TELA, Atl\u00e1ntida.El alcalde Ricardo C\u00e1lix ha establecido la pavimentaci\u00f3n y reparaci\u00f3n de calles como una prioridad desde el inicio de su mandato. La decisi\u00f3n demuestra su compromiso con mejorar la infraestructura vial y la calidad de vida de los residentes de Tela. La inversi\u00f3n en este tipo de proyectos no solo mejora la movilidad y &hellip;<\/p>\n","protected":false},"author":0,"featured_media":70836,"comment_status":"open","ping_status":"open","sticky":false,"template":"","format":"standard","meta":{"_jetpack_memberships_contains_paid_content":false,"footnotes":""},"categories":[5],"tags":[],"class_list":["post-70835","post","type-post","status-publish","format-standard","has-post-thumbnail","","category-noticias"],"jetpack_sharing_enabled":true,"jetpack_featured_media_url":"https:\/\/mickyandoniehn.com\/radio\/wp-content\/uploads\/2024\/04\/TELA-CALLES-EkFyHk.jpeg","_links":{"self":[{"href":"https:\/\/mickyandoniehn.com\/radio\/wp-json\/wp\/v2\/posts\/70835","targetHints":{"allow":["GET"]}}],"collection":[{"href":"https:\/\/mickyandoniehn.com\/radio\/wp-json\/wp\/v2\/posts"}],"about":[{"href":"https:\/\/mickyandoniehn.com\/radio\/wp-json\/wp\/v2\/types\/post"}],"replies":[{"embeddable":true,"href":"https:\/\/mickyandoniehn.com\/radio\/wp-json\/wp\/v2\/comments?post=70835"}],"version-history":[{"count":0,"href":"https:\/\/mickyandoniehn.com\/radio\/wp-json\/wp\/v2\/posts\/70835\/revisions"}],"wp:featuredmedia":[{"embeddable":true,"href":"https:\/\/mickyandoniehn.com\/radio\/wp-json\/wp\/v2\/media\/70836"}],"wp:attachment":[{"href":"https:\/\/mickyandoniehn.com\/radio\/wp-json\/wp\/v2\/media?parent=70835"}],"wp:term":[{"taxonomy":"category","embeddable":true,"href":"https:\/\/mickyandoniehn.com\/radio\/wp-json\/wp\/v2\/categories?post=70835"},{"taxonomy":"post_tag","embeddable":true,"href":"https:\/\/mickyandoniehn.com\/radio\/wp-json\/wp\/v2\/tags?post=70835"}],"curies":[{"name":"wp","href":"https:\/\/api.w.org\/{rel}","templated":true}]}}