{"id":70231,"date":"2024-04-04T20:12:44","date_gmt":"2024-04-05T02:12:44","guid":{"rendered":"http:\/\/mickyandoniehn.com\/radio\/2024\/04\/04\/hondurena-larissa-ventura-deslumbra-en-el-festival-voces-y-melodias-de-america-en-ecuador\/"},"modified":"2024-04-04T20:12:44","modified_gmt":"2024-04-05T02:12:44","slug":"hondurena-larissa-ventura-deslumbra-en-el-festival-voces-y-melodias-de-america-en-ecuador","status":"publish","type":"post","link":"https:\/\/mickyandoniehn.com\/radio\/2024\/04\/04\/hondurena-larissa-ventura-deslumbra-en-el-festival-voces-y-melodias-de-america-en-ecuador\/","title":{"rendered":"Hondure\u00f1a Larissa Ventura deslumbra en el Festival Voces y Melod\u00edas de Am\u00e9rica en Ecuador"},"content":{"rendered":"<\/p>\n<p>La talentosa cantante hondure\u00f1a, Larissa Ventura, originaria de Ocotepeque, ha dejado una huella imborrable en el escenario internacional al participar en el prestigioso Festival Voces y Melod\u00edas de Am\u00e9rica en Ecuador.<\/p>\n<p>Con una trayectoria destacada en el mundo de la m\u00fasica, Larissa Ventura se ha convertido en un verdadero orgullo para su pa\u00eds. Su participaci\u00f3n en este festival no solo representa un logro personal, sino tambi\u00e9n un reconocimiento al talento hondure\u00f1o en el \u00e1mbito musical.<\/p>\n<p>\u00abRepresentar a mi preciosa Honduras en este escenario tan importante es un honor y una responsabilidad que llevo con gran alegr\u00eda y compromiso\u00bb, expres\u00f3 Ventura emocionada en sus redes sociales antes de su presentaci\u00f3n.<\/p>\n<p>El Festival Voces y Melod\u00edas de Am\u00e9rica, conocido por reunir a los mejores exponentes de la m\u00fasica de todo el continente, brind\u00f3 a Larissa Ventura la oportunidad de compartir su arte y cultura con una audiencia internacional, recibiendo elogios por su voz \u00fanica y su interpretaci\u00f3n emotiva.<\/p>\n<p>Aunque la competencia fue re\u00f1ida, Larissa Ventura brill\u00f3 con luz propia sobre el escenario, cautivando a todos con su talento y pasi\u00f3n por la m\u00fasica. Su participaci\u00f3n en este evento sin duda dejar\u00e1 una marca imborrable en la historia de la m\u00fasica hondure\u00f1a.<\/p>\n<p>Al regresar a su tierra natal, Larissa Ventura es recibida con orgullo y admiraci\u00f3n por parte de sus compatriotas, quienes celebran su \u00e9xito y la destacan como un ejemplo a seguir para las futuras generaciones de artistas hondure\u00f1os.<\/p>\n<p>Con su participaci\u00f3n en el Festival Voces y Melod\u00edas de Am\u00e9rica, Larissa Ventura no solo ha demostrado su talento excepcional, sino tambi\u00e9n ha llevado el nombre de Honduras en lo m\u00e1s alto del escenario internacional. Sin duda, su carrera promete seguir cosechando \u00e9xitos y conquistando corazones en todo el mundo.<\/p>\n","protected":false},"excerpt":{"rendered":"<p>La talentosa cantante hondure\u00f1a, Larissa Ventura, originaria de Ocotepeque, ha dejado una huella imborrable en el escenario internacional al participar en el prestigioso Festival Voces y Melod\u00edas de Am\u00e9rica en Ecuador. Con una trayectoria destacada en el mundo de la m\u00fasica, Larissa Ventura se ha convertido en un verdadero orgullo para su pa\u00eds. Su participaci\u00f3n &hellip;<\/p>\n","protected":false},"author":0,"featured_media":70232,"comment_status":"open","ping_status":"open","sticky":false,"template":"","format":"standard","meta":{"_jetpack_memberships_contains_paid_content":false,"footnotes":""},"categories":[5],"tags":[],"class_list":["post-70231","post","type-post","status-publish","format-standard","has-post-thumbnail","","category-noticias"],"jetpack_sharing_enabled":true,"jetpack_featured_media_url":"https:\/\/mickyandoniehn.com\/radio\/wp-content\/uploads\/2024\/04\/larisa-750x430-NBWilP.png","_links":{"self":[{"href":"https:\/\/mickyandoniehn.com\/radio\/wp-json\/wp\/v2\/posts\/70231","targetHints":{"allow":["GET"]}}],"collection":[{"href":"https:\/\/mickyandoniehn.com\/radio\/wp-json\/wp\/v2\/posts"}],"about":[{"href":"https:\/\/mickyandoniehn.com\/radio\/wp-json\/wp\/v2\/types\/post"}],"replies":[{"embeddable":true,"href":"https:\/\/mickyandoniehn.com\/radio\/wp-json\/wp\/v2\/comments?post=70231"}],"version-history":[{"count":0,"href":"https:\/\/mickyandoniehn.com\/radio\/wp-json\/wp\/v2\/posts\/70231\/revisions"}],"wp:featuredmedia":[{"embeddable":true,"href":"https:\/\/mickyandoniehn.com\/radio\/wp-json\/wp\/v2\/media\/70232"}],"wp:attachment":[{"href":"https:\/\/mickyandoniehn.com\/radio\/wp-json\/wp\/v2\/media?parent=70231"}],"wp:term":[{"taxonomy":"category","embeddable":true,"href":"https:\/\/mickyandoniehn.com\/radio\/wp-json\/wp\/v2\/categories?post=70231"},{"taxonomy":"post_tag","embeddable":true,"href":"https:\/\/mickyandoniehn.com\/radio\/wp-json\/wp\/v2\/tags?post=70231"}],"curies":[{"name":"wp","href":"https:\/\/api.w.org\/{rel}","templated":true}]}}