{"id":70205,"date":"2024-04-04T09:12:32","date_gmt":"2024-04-04T15:12:32","guid":{"rendered":"https:\/\/mickyandoniehn.com\/radio\/2024\/04\/04\/honduras-en-la-historia-04-de-abril-1970-fue-fundado-la-central-general-de-trabajadores-cgt\/"},"modified":"2024-04-04T09:12:32","modified_gmt":"2024-04-04T15:12:32","slug":"honduras-en-la-historia-04-de-abril-1970-fue-fundado-la-central-general-de-trabajadores-cgt","status":"publish","type":"post","link":"https:\/\/mickyandoniehn.com\/radio\/2024\/04\/04\/honduras-en-la-historia-04-de-abril-1970-fue-fundado-la-central-general-de-trabajadores-cgt\/","title":{"rendered":"Honduras en la Historia: 04 de Abril 1970, Fue fundado la Central General de Trabajadores (CGT)"},"content":{"rendered":"<div class=\"xdj266r x11i5rnm xat24cr x1mh8g0r x1vvkbs x126k92a\">\n<div><\/div>\n<div><\/div>\n<div>Honduras en la historia, 04 de Abril 1970<\/div>\n<\/div>\n<div class=\"x11i5rnm xat24cr x1mh8g0r x1vvkbs xtlvy1s x126k92a\">\n<div>Fue fundado la Central General de Trabajadores (CGT)<\/div>\n<div><\/div>\n<\/div>\n<div class=\"x11i5rnm xat24cr x1mh8g0r x1vvkbs xtlvy1s x126k92a\">\n<div>La Central General de Trabajadores (CGT). De orientaci\u00f3n social cristiana, fue fundada el 04 de abril de 1970 y est\u00e1 afiliada a la confederaci\u00f3n Latinoamericana de Trabajadores (CLAT) y a la Confederaci\u00f3n Mundial del Trabajo (CMT). Mantiene en su seno a la Federaci\u00f3n Aut\u00e9ntica Sindical de Honduras (FASH), Federaci\u00f3n Sindical del Sur (FESISUR), federaci\u00f3n hondure\u00f1a de Sindicatos de Trabajadores de la Alimentaci\u00f3n (FEHSTRAN) y la Uni\u00f3n Nacional de Campesinos (UNC).<\/div>\n<\/div>\n<div class=\"x11i5rnm xat24cr x1mh8g0r x1vvkbs xtlvy1s x126k92a\">\n<div>La conformaci\u00f3n de la CGT<\/div>\n<\/div>\n<div class=\"x11i5rnm xat24cr x1mh8g0r x1vvkbs xtlvy1s x126k92a\">\n<div>Las distintas luchas que se suceden en las primeras d\u00e9cadas del siglo XX ir\u00e1n delimitando a las diferentes corrientes de izquierda en el movimiento obrero y ser\u00e1n el trasfondo de las uniones y rupturas de las organizaciones sindicales.<\/div>\n<\/div>\n<div class=\"x11i5rnm xat24cr x1mh8g0r x1vvkbs xtlvy1s x126k92a\">\n<div>En ese momento se debat\u00eda en torno a la formaci\u00f3n de una nueva central. En 1930, luego de varios intentos de fusi\u00f3n entre diferentes sectores, se unen los gremios de la Uni\u00f3n Sindical Argentina (USA) orientada por los sindicalistas y la Confederaci\u00f3n Obrera Argentina (COA), influenciada por los socialistas, dando nacimiento a la CGT el 27 de septiembre de 1930, semanas despu\u00e9s de haberse producido el primer golpe de Estado en nuestro pa\u00eds.<\/div>\n<\/div>\n<div class=\"x11i5rnm xat24cr x1mh8g0r x1vvkbs xtlvy1s x126k92a\">\n<div>La nueva central estar\u00e1 sostenida principalmente por los sindicatos ferroviarios (La Uni\u00f3n Ferroviaria y La Fraternidad), adem\u00e1s del gremio del comercio y los municipales y no presentar\u00e1n ninguna resistencia al golpe, quedando \u00e9sta en manos de una minor\u00eda anarquista y comunista, que a partir de entonces se extender\u00e1 en influencia en los sindicatos.<\/div>\n<\/div>\n","protected":false},"excerpt":{"rendered":"<p>Honduras en la historia, 04 de Abril 1970 Fue fundado la Central General de Trabajadores (CGT) La Central General de Trabajadores (CGT). De orientaci\u00f3n social cristiana, fue fundada el 04 de abril de 1970 y est\u00e1 afiliada a la confederaci\u00f3n Latinoamericana de Trabajadores (CLAT) y a la Confederaci\u00f3n Mundial del Trabajo (CMT). Mantiene en su &hellip;<\/p>\n","protected":false},"author":0,"featured_media":70206,"comment_status":"open","ping_status":"open","sticky":false,"template":"","format":"standard","meta":{"_jetpack_memberships_contains_paid_content":false,"footnotes":""},"categories":[5],"tags":[],"class_list":["post-70205","post","type-post","status-publish","format-standard","has-post-thumbnail","","category-noticias"],"jetpack_sharing_enabled":true,"jetpack_featured_media_url":"https:\/\/mickyandoniehn.com\/radio\/wp-content\/uploads\/2024\/04\/4.2-1ZmLoA.jpeg","_links":{"self":[{"href":"https:\/\/mickyandoniehn.com\/radio\/wp-json\/wp\/v2\/posts\/70205","targetHints":{"allow":["GET"]}}],"collection":[{"href":"https:\/\/mickyandoniehn.com\/radio\/wp-json\/wp\/v2\/posts"}],"about":[{"href":"https:\/\/mickyandoniehn.com\/radio\/wp-json\/wp\/v2\/types\/post"}],"replies":[{"embeddable":true,"href":"https:\/\/mickyandoniehn.com\/radio\/wp-json\/wp\/v2\/comments?post=70205"}],"version-history":[{"count":0,"href":"https:\/\/mickyandoniehn.com\/radio\/wp-json\/wp\/v2\/posts\/70205\/revisions"}],"wp:featuredmedia":[{"embeddable":true,"href":"https:\/\/mickyandoniehn.com\/radio\/wp-json\/wp\/v2\/media\/70206"}],"wp:attachment":[{"href":"https:\/\/mickyandoniehn.com\/radio\/wp-json\/wp\/v2\/media?parent=70205"}],"wp:term":[{"taxonomy":"category","embeddable":true,"href":"https:\/\/mickyandoniehn.com\/radio\/wp-json\/wp\/v2\/categories?post=70205"},{"taxonomy":"post_tag","embeddable":true,"href":"https:\/\/mickyandoniehn.com\/radio\/wp-json\/wp\/v2\/tags?post=70205"}],"curies":[{"name":"wp","href":"https:\/\/api.w.org\/{rel}","templated":true}]}}