{"id":69934,"date":"2024-04-01T15:12:45","date_gmt":"2024-04-01T21:12:45","guid":{"rendered":"https:\/\/mickyandoniehn.com\/radio\/2024\/04\/01\/expertos-en-salud-recomiendan-declarar-emergencia-por-dengue-ante-aumento-de-casos\/"},"modified":"2024-04-01T15:12:45","modified_gmt":"2024-04-01T21:12:45","slug":"expertos-en-salud-recomiendan-declarar-emergencia-por-dengue-ante-aumento-de-casos","status":"publish","type":"post","link":"https:\/\/mickyandoniehn.com\/radio\/2024\/04\/01\/expertos-en-salud-recomiendan-declarar-emergencia-por-dengue-ante-aumento-de-casos\/","title":{"rendered":"Expertos en Salud recomiendan declarar emergencia por dengue ante aumento de casos"},"content":{"rendered":"<\/p>\n<p>El exsubsecretario de Salud, Roberto Cosenza, consider\u00f3 que se deber\u00eda declarar una emergencia ante el aumento de casos de dengue durante este a\u00f1o, aparte de la advertencia que hizo la Organizaci\u00f3n Panamericana de la Salud (OPS).<\/p>\n<p>Cosenza record\u00f3 que desde el a\u00f1o anterior se est\u00e1 denunciando el incremento de casos de dengue, y la Secretar\u00eda de Salud (Sesal) s\u00f3lo lleg\u00f3 a declarar una alerta ante el aumento de la enfermedad.<\/p>\n<p>El galeno dijo que la Sesal tiene conocimiento sobre las altas cifras de casos de dengue y que, a diario, los distintos establecimientos de salud registran un promedio de seis a ocho personas con la enfermedad.<\/p>\n<p>En los \u00faltimos d\u00edas la OPS pronostic\u00f3 una epidemia de grandes proporciones de dengue en Am\u00e9rica Latina para mayo del 2024, por lo m\u00e9dicos hondure\u00f1os externaron su preocupaci\u00f3n ante aumento de casos en el pa\u00eds.<a href=\"https:\/\/i1.wp.com\/hondudiario.com\/wp-content\/uploads\/2022\/05\/dengue-11052022-e1695846083276.gif?ssl=1\"><\/a><\/p>\n<p>\u201cYa hay alarmas internacionales donde se dice que este ser\u00e1 un a\u00f1o con una epidemia de dengue por lo que hay que tomar medidas porque ya nos toc\u00f3 el 2019 una cifra grande de muertes por causa de la enfermedad\u201d, indic\u00f3 Cosenza.<\/p>\n<p>Los contagios de la enfermedad del dengue, transmitida por la picadura del mosquito Aedes aegypti, se ha convertido en una preocupaci\u00f3n para la OPS. Seg\u00fan datos recientes, hay m\u00e1s de 3,5 millones de casos en Am\u00e9rica Latina y el Caribe, y m\u00e1s de mil fallecimientos a causa de la enfermedad.<\/p>\n<p>Los datos recopilados hasta el 26 de marzo indican un incremento significativo de contagios y muertes los cuales podr\u00edan estar relacionado con condiciones clim\u00e1ticas extremas exacerbadas por el fen\u00f3meno de El Ni\u00f1o y el cambio clim\u00e1tico, se\u00f1al\u00f3 Jarbas Barbosa, director de la OPS.<\/p>\n<p>Fuente: hondudiario.com<\/p>\n","protected":false},"excerpt":{"rendered":"<p>El exsubsecretario de Salud, Roberto Cosenza, consider\u00f3 que se deber\u00eda declarar una emergencia ante el aumento de casos de dengue durante este a\u00f1o, aparte de la advertencia que hizo la Organizaci\u00f3n Panamericana de la Salud (OPS). Cosenza record\u00f3 que desde el a\u00f1o anterior se est\u00e1 denunciando el incremento de casos de dengue, y la Secretar\u00eda &hellip;<\/p>\n","protected":false},"author":0,"featured_media":69935,"comment_status":"open","ping_status":"open","sticky":false,"template":"","format":"standard","meta":{"_jetpack_memberships_contains_paid_content":false,"footnotes":""},"categories":[5],"tags":[],"class_list":["post-69934","post","type-post","status-publish","format-standard","has-post-thumbnail","","category-noticias"],"jetpack_sharing_enabled":true,"jetpack_featured_media_url":"https:\/\/mickyandoniehn.com\/radio\/wp-content\/uploads\/2024\/04\/218239440_1313551365765003_2265302228164371478_n-1-CRCYqd.jpeg","_links":{"self":[{"href":"https:\/\/mickyandoniehn.com\/radio\/wp-json\/wp\/v2\/posts\/69934","targetHints":{"allow":["GET"]}}],"collection":[{"href":"https:\/\/mickyandoniehn.com\/radio\/wp-json\/wp\/v2\/posts"}],"about":[{"href":"https:\/\/mickyandoniehn.com\/radio\/wp-json\/wp\/v2\/types\/post"}],"replies":[{"embeddable":true,"href":"https:\/\/mickyandoniehn.com\/radio\/wp-json\/wp\/v2\/comments?post=69934"}],"version-history":[{"count":0,"href":"https:\/\/mickyandoniehn.com\/radio\/wp-json\/wp\/v2\/posts\/69934\/revisions"}],"wp:featuredmedia":[{"embeddable":true,"href":"https:\/\/mickyandoniehn.com\/radio\/wp-json\/wp\/v2\/media\/69935"}],"wp:attachment":[{"href":"https:\/\/mickyandoniehn.com\/radio\/wp-json\/wp\/v2\/media?parent=69934"}],"wp:term":[{"taxonomy":"category","embeddable":true,"href":"https:\/\/mickyandoniehn.com\/radio\/wp-json\/wp\/v2\/categories?post=69934"},{"taxonomy":"post_tag","embeddable":true,"href":"https:\/\/mickyandoniehn.com\/radio\/wp-json\/wp\/v2\/tags?post=69934"}],"curies":[{"name":"wp","href":"https:\/\/api.w.org\/{rel}","templated":true}]}}