{"id":69724,"date":"2024-03-24T11:12:33","date_gmt":"2024-03-24T17:12:33","guid":{"rendered":"http:\/\/mickyandoniehn.com\/radio\/2024\/03\/24\/que-sentido-tienen-y-por-que-deben-usarse-las-palmas-en-el-domingo-de-ramos\/"},"modified":"2024-03-24T11:12:33","modified_gmt":"2024-03-24T17:12:33","slug":"que-sentido-tienen-y-por-que-deben-usarse-las-palmas-en-el-domingo-de-ramos","status":"publish","type":"post","link":"https:\/\/mickyandoniehn.com\/radio\/2024\/03\/24\/que-sentido-tienen-y-por-que-deben-usarse-las-palmas-en-el-domingo-de-ramos\/","title":{"rendered":"\u00bfQu\u00e9 sentido tienen y por qu\u00e9 deben usarse las palmas en el Domingo de Ramos?"},"content":{"rendered":"<p>\u00a0<\/p>\n<\/p>\n<p>Este domingo iniciar\u00e1 la celebraci\u00f3n de la Semana Santa con el Domingo de Ramos, d\u00eda en el que se recuerda la entrada triunfal de Jes\u00fas en Jerusal\u00e9n cuando fue recibido por sus disc\u00edpulos y la poblaci\u00f3n con palmas y ramos de olivo.<\/p>\n<p>No obstante, \u00bfCu\u00e1l es el verdadero sentido de estas palmas al ser bendecidas y por qu\u00e9 deben usarse?<\/p>\n<p>Seg\u00fan el Directorio sobre la Piedad Popular y la Liturgia publicado por la Santa Sede: \u201cA los fieles les gusta conservar en sus hogares, y a veces en el lugar de trabajo, los ramos de olivo o de otros \u00e1rboles, que han sido bendecidos y llevados en la procesi\u00f3n\u201d de Domingo de Ramos.<\/p>\n<p>El sacerdote argentino Leandro Bonnin, autor de numerosos libros de espiritualidad y defensa de la vida, coment\u00f3 a ACI Prensa que \u201ces bueno conservar un signo visible de una celebraci\u00f3n tan hermosa e importante\u201d y, al mismo tiempo, que esa \u201csensibilidad perdure en el pueblo de Dios a pesar de las tendencias secularizantes\u201d.<\/p>\n<p>El Directorio de Piedad Popular y la Liturgia tambi\u00e9n advierte que se debe \u201cinstruir a los fieles sobre el significado de la celebraci\u00f3n, para que entiendan su sentido\u201d.<\/p>\n<p>Seguidamente, afirma que las palmas \u201cse conservan, ante todo, como un testimonio de la fe en Cristo, rey mesi\u00e1nico, y en su victoria pascual\u201d<\/p>\n<p>El Papa Benedicto XVI, en una homil\u00eda de Domingo de Ramos del 2006, dice, adem\u00e1s que \u201clos ramos de olivo, signo de la paz mesi\u00e1nica, y los ramos de palma, signo del martirio, don de la vida a Dios y a los hermanos, con los que ahora aclamaremos a Jes\u00fas como Mes\u00edas, testimonian nuestra adhesi\u00f3n firme al misterio pascual que celebramos\u201d.<\/p>\n<p>El P. Bonnin, sintetizando ambos textos, detall\u00f3 en cuatro puntos que el conservar los olivos y palmas es un signo de<\/p>\n<p>\u25cf Que creemos en Jes\u00fas, que \u00c9l es nuestro Rey y que estamos dispuestos a permanecer junto a \u00e9l, pase lo que pase.<\/p>\n<p>\u25cf Que anunciamos que \u00c9l ha vencido a la muerte en su resurrecci\u00f3n; que su Pascua es el centro de la historia y la fuente de nuestra esperanza.<\/p>\n<p>\u25cf Que queremos ser \u201cconstructores de paz\u201d, la paz de Cristo Rey, paz con Dios y con nuestros hermanos.<\/p>\n<p>\u25cf Que al igual que Cristo queremos hacer de nuestra vida un don para Dios y nuestros hermanos. Que estamos dispuestos a vivir como \u201cm\u00e1rtires\u201d, testigos del Amor y dispuestos a sacrificarnos por amor, como \u00c9l y en \u00c9l.<\/p>\n<p>Cu\u00e1ndo no usar las palmas o ramos de olivos<br \/>\nEl Directorio de Piedad Popular y la Liturgia es claro en advertir que los ramos de olivo o palmas \u201cno se conserven como si fueran amuletos, con un fin curativo o para mantener alejados a los malos esp\u00edritus y evitar as\u00ed, en las casas y los campos, los da\u00f1os que causan, lo cual podr\u00eda ser una forma de superstici\u00f3n\u201d.<\/p>\n<p>La superstici\u00f3n es un pecado contra el primer mandamiento, record\u00f3 el P. Bonnin.<\/p>\n<p>El Catecismo de la Iglesia Cat\u00f3lica ense\u00f1a que \u201cla superstici\u00f3n es la desviaci\u00f3n del sentimiento religioso y de las pr\u00e1cticas que impone. Puede afectar tambi\u00e9n al culto que damos al verdadero Dios, por ejemplo, cuando se atribuye una importancia, de alg\u00fan modo, m\u00e1gica a ciertas pr\u00e1cticas, por otra parte, leg\u00edtimas o necesarias\u201d.<\/p>\n<p>El Directorio de Piedad Popular y la Liturgia, por su parte, clarifica que los pastores tienen que \u201cinsistir en que lo verdaderamente importante es participar en la procesi\u00f3n y no simplemente procurarse una palma o ramo de olivo\u201d.<\/p>\n<p>El P. Bonnin coment\u00f3 un hecho curioso que ocurre en algunas zonas de las provincias de Argentina.<\/p>\n<p>\u201cM\u00e1s gente participa en las Misas del Domingo de Ramos que en las de Pascua, lo que evidentemente no hace justicia a la jerarqu\u00eda lit\u00fargica y significado salv\u00edfico. Es probable que esa mayor participaci\u00f3n tenga lugar por el atractivo que en muchos hermanos tienen los ramos bendecidos\u201d, dijo.<\/p>\n<p>\u201cEntonces, \u00bfse puede o no se puede llevar y conservar las palmas y ramos de olivo? S\u00ed, por supuesto! Pero d\u00e1ndole el sentido y significado verdadero\u201d, concluy\u00f3 el sacerdote argentino.<\/p>\n<p><strong>Fuente: hondudiario<\/strong><\/p>\n","protected":false},"excerpt":{"rendered":"<p>\u00a0 Este domingo iniciar\u00e1 la celebraci\u00f3n de la Semana Santa con el Domingo de Ramos, d\u00eda en el que se recuerda la entrada triunfal de Jes\u00fas en Jerusal\u00e9n cuando fue recibido por sus disc\u00edpulos y la poblaci\u00f3n con palmas y ramos de olivo. No obstante, \u00bfCu\u00e1l es el verdadero sentido de estas palmas al ser &hellip;<\/p>\n","protected":false},"author":0,"featured_media":69725,"comment_status":"open","ping_status":"open","sticky":false,"template":"","format":"standard","meta":{"_jetpack_memberships_contains_paid_content":false,"footnotes":""},"categories":[5],"tags":[],"class_list":["post-69724","post","type-post","status-publish","format-standard","has-post-thumbnail","","category-noticias"],"jetpack_sharing_enabled":true,"jetpack_featured_media_url":"https:\/\/mickyandoniehn.com\/radio\/wp-content\/uploads\/2024\/03\/palma-JSm0it.jpeg","_links":{"self":[{"href":"https:\/\/mickyandoniehn.com\/radio\/wp-json\/wp\/v2\/posts\/69724","targetHints":{"allow":["GET"]}}],"collection":[{"href":"https:\/\/mickyandoniehn.com\/radio\/wp-json\/wp\/v2\/posts"}],"about":[{"href":"https:\/\/mickyandoniehn.com\/radio\/wp-json\/wp\/v2\/types\/post"}],"replies":[{"embeddable":true,"href":"https:\/\/mickyandoniehn.com\/radio\/wp-json\/wp\/v2\/comments?post=69724"}],"version-history":[{"count":0,"href":"https:\/\/mickyandoniehn.com\/radio\/wp-json\/wp\/v2\/posts\/69724\/revisions"}],"wp:featuredmedia":[{"embeddable":true,"href":"https:\/\/mickyandoniehn.com\/radio\/wp-json\/wp\/v2\/media\/69725"}],"wp:attachment":[{"href":"https:\/\/mickyandoniehn.com\/radio\/wp-json\/wp\/v2\/media?parent=69724"}],"wp:term":[{"taxonomy":"category","embeddable":true,"href":"https:\/\/mickyandoniehn.com\/radio\/wp-json\/wp\/v2\/categories?post=69724"},{"taxonomy":"post_tag","embeddable":true,"href":"https:\/\/mickyandoniehn.com\/radio\/wp-json\/wp\/v2\/tags?post=69724"}],"curies":[{"name":"wp","href":"https:\/\/api.w.org\/{rel}","templated":true}]}}