{"id":69712,"date":"2024-03-24T07:13:01","date_gmt":"2024-03-24T13:13:01","guid":{"rendered":"http:\/\/mickyandoniehn.com\/radio\/2024\/03\/24\/honduras-en-la-historia-24-de-marzo-2001-censo-de-poblacion-y-vivienda-a-nivel-nacional\/"},"modified":"2024-03-24T07:13:01","modified_gmt":"2024-03-24T13:13:01","slug":"honduras-en-la-historia-24-de-marzo-2001-censo-de-poblacion-y-vivienda-a-nivel-nacional","status":"publish","type":"post","link":"https:\/\/mickyandoniehn.com\/radio\/2024\/03\/24\/honduras-en-la-historia-24-de-marzo-2001-censo-de-poblacion-y-vivienda-a-nivel-nacional\/","title":{"rendered":"Honduras en la Historia: 24 de marzo 2001, Censo de poblaci\u00f3n y vivienda a nivel Nacional"},"content":{"rendered":"<\/p>\n<div class=\"xdj266r x11i5rnm xat24cr x1mh8g0r x1vvkbs x126k92a\">\n<div>Honduras en la historia, 24 de Marzo 2001<\/div>\n<\/div>\n<div class=\"x11i5rnm xat24cr x1mh8g0r x1vvkbs xtlvy1s x126k92a\">\n<div>Censo de poblaci\u00f3n y vivienda a nivel Nacional<\/div>\n<\/div>\n<div class=\"x11i5rnm xat24cr x1mh8g0r x1vvkbs xtlvy1s x126k92a\">\n<div>La informaci\u00f3n del censo viene a actualizar las cifras de 1988. Para el 2001, los resultados del censo indican que la poblaci\u00f3n de Honduras es de 6.5 millones. Esta cifra se vuelve, para toda la pr\u00f3xima d\u00e9cada 2001-2010, la referencia b\u00e1sica sobre la cual corresponder\u00e1 apoyar la toma de decisiones.<\/div>\n<\/div>\n<div class=\"x11i5rnm xat24cr x1mh8g0r x1vvkbs xtlvy1s x126k92a\">\n<div>El censo poblacional y vivienda, comenzando por el departamento de Col\u00f3n, quedando como resultado que la poblaci\u00f3n de Col\u00f3n es de 246,708 habitantes, con una densidad de 29.9hab.\/km2.<\/div>\n<div><\/div>\n<\/div>\n","protected":false},"excerpt":{"rendered":"<p>Honduras en la historia, 24 de Marzo 2001 Censo de poblaci\u00f3n y vivienda a nivel Nacional La informaci\u00f3n del censo viene a actualizar las cifras de 1988. Para el 2001, los resultados del censo indican que la poblaci\u00f3n de Honduras es de 6.5 millones. Esta cifra se vuelve, para toda la pr\u00f3xima d\u00e9cada 2001-2010, la &hellip;<\/p>\n","protected":false},"author":0,"featured_media":69713,"comment_status":"open","ping_status":"open","sticky":false,"template":"","format":"standard","meta":{"_jetpack_memberships_contains_paid_content":false,"footnotes":""},"categories":[5],"tags":[],"class_list":["post-69712","post","type-post","status-publish","format-standard","has-post-thumbnail","","category-noticias"],"jetpack_sharing_enabled":true,"jetpack_featured_media_url":"https:\/\/mickyandoniehn.com\/radio\/wp-content\/uploads\/2024\/03\/24.2-Ex1Tmb.jpeg","_links":{"self":[{"href":"https:\/\/mickyandoniehn.com\/radio\/wp-json\/wp\/v2\/posts\/69712","targetHints":{"allow":["GET"]}}],"collection":[{"href":"https:\/\/mickyandoniehn.com\/radio\/wp-json\/wp\/v2\/posts"}],"about":[{"href":"https:\/\/mickyandoniehn.com\/radio\/wp-json\/wp\/v2\/types\/post"}],"replies":[{"embeddable":true,"href":"https:\/\/mickyandoniehn.com\/radio\/wp-json\/wp\/v2\/comments?post=69712"}],"version-history":[{"count":0,"href":"https:\/\/mickyandoniehn.com\/radio\/wp-json\/wp\/v2\/posts\/69712\/revisions"}],"wp:featuredmedia":[{"embeddable":true,"href":"https:\/\/mickyandoniehn.com\/radio\/wp-json\/wp\/v2\/media\/69713"}],"wp:attachment":[{"href":"https:\/\/mickyandoniehn.com\/radio\/wp-json\/wp\/v2\/media?parent=69712"}],"wp:term":[{"taxonomy":"category","embeddable":true,"href":"https:\/\/mickyandoniehn.com\/radio\/wp-json\/wp\/v2\/categories?post=69712"},{"taxonomy":"post_tag","embeddable":true,"href":"https:\/\/mickyandoniehn.com\/radio\/wp-json\/wp\/v2\/tags?post=69712"}],"curies":[{"name":"wp","href":"https:\/\/api.w.org\/{rel}","templated":true}]}}