{"id":69688,"date":"2024-03-23T07:12:32","date_gmt":"2024-03-23T13:12:32","guid":{"rendered":"http:\/\/mickyandoniehn.com\/radio\/2024\/03\/23\/honduras-en-la-historia-23-de-marzo-1843-solicitud-de-padre-alvarenga\/"},"modified":"2024-03-23T07:12:32","modified_gmt":"2024-03-23T13:12:32","slug":"honduras-en-la-historia-23-de-marzo-1843-solicitud-de-padre-alvarenga","status":"publish","type":"post","link":"https:\/\/mickyandoniehn.com\/radio\/2024\/03\/23\/honduras-en-la-historia-23-de-marzo-1843-solicitud-de-padre-alvarenga\/","title":{"rendered":"Honduras en la Historia: 23 de marzo 1843, Solicitud De Padre Alvarenga"},"content":{"rendered":"<\/p>\n<p>El\u00a0 Sacerdote Hondure\u00f1o Doroteo Alvarenga, alegado servicios prestado y afirmando haber sido el fundador del pueblo de la virtud, en el departamento de Gracias, solicitaba del Poder Ejecutivo de Honduras, un terreno en el que pudiera establecer una cr\u00eda de ganado que lo sostuviese en los a\u00f1os de sus vejez, se\u00f1alando dos terreno de diez o doce caballer\u00eda cada uno, para que cualquiera de ellos le fuera adjudicado, bien en pago de ,los sueldos que nunca le fueron reconocidos cuando fue cape\u00f1\u00e1n del Ej\u00e9rcito de Francisco ferrera que fue derrotado en San Pedro Perulap\u00e1n, bien como indemnizaci\u00f3n por las p\u00e9rdidas y prisi\u00f3n por \u00e9l sufridas en su lucha opositora contra el General Francisco Moraz\u00e1n.<\/p>\n<p>Dec\u00eda el Padre Alvarenga, cura y Vicario del beneficio de Chalatenango, que habiendo sido perseguido por \u00abel finado Francisco Moraz\u00e1n\u00bb por no querer conformarse con sus miras anti eclesi\u00e1stica y de dominaci\u00f3n se retir\u00f3 a Honduras y se estableci\u00f3 en lugar llamado San Juan de la Acatax a donde fue seguido por numerosas familias que unidas ala reuni\u00f3 en las inmediaciones, sirvieron para formar el pueblo de la virtud, laboriosa y dedicado al cultivo del a\u00f1il.<\/p>\n<p>*Fuente: Efem\u00e9rides Nacionales (V\u00edctor C\u00e1ceres Lara)<\/p><\/p>\n","protected":false},"excerpt":{"rendered":"<p>El\u00a0 Sacerdote Hondure\u00f1o Doroteo Alvarenga, alegado servicios prestado y afirmando haber sido el fundador del pueblo de la virtud, en el departamento de Gracias, solicitaba del Poder Ejecutivo de Honduras, un terreno en el que pudiera establecer una cr\u00eda de ganado que lo sostuviese en los a\u00f1os de sus vejez, se\u00f1alando dos terreno de diez &hellip;<\/p>\n","protected":false},"author":0,"featured_media":69689,"comment_status":"open","ping_status":"open","sticky":false,"template":"","format":"standard","meta":{"_jetpack_memberships_contains_paid_content":false,"footnotes":""},"categories":[5],"tags":[],"class_list":["post-69688","post","type-post","status-publish","format-standard","has-post-thumbnail","","category-noticias"],"jetpack_sharing_enabled":true,"jetpack_featured_media_url":"https:\/\/mickyandoniehn.com\/radio\/wp-content\/uploads\/2024\/03\/23.2-BvXEJw.jpeg","_links":{"self":[{"href":"https:\/\/mickyandoniehn.com\/radio\/wp-json\/wp\/v2\/posts\/69688","targetHints":{"allow":["GET"]}}],"collection":[{"href":"https:\/\/mickyandoniehn.com\/radio\/wp-json\/wp\/v2\/posts"}],"about":[{"href":"https:\/\/mickyandoniehn.com\/radio\/wp-json\/wp\/v2\/types\/post"}],"replies":[{"embeddable":true,"href":"https:\/\/mickyandoniehn.com\/radio\/wp-json\/wp\/v2\/comments?post=69688"}],"version-history":[{"count":0,"href":"https:\/\/mickyandoniehn.com\/radio\/wp-json\/wp\/v2\/posts\/69688\/revisions"}],"wp:featuredmedia":[{"embeddable":true,"href":"https:\/\/mickyandoniehn.com\/radio\/wp-json\/wp\/v2\/media\/69689"}],"wp:attachment":[{"href":"https:\/\/mickyandoniehn.com\/radio\/wp-json\/wp\/v2\/media?parent=69688"}],"wp:term":[{"taxonomy":"category","embeddable":true,"href":"https:\/\/mickyandoniehn.com\/radio\/wp-json\/wp\/v2\/categories?post=69688"},{"taxonomy":"post_tag","embeddable":true,"href":"https:\/\/mickyandoniehn.com\/radio\/wp-json\/wp\/v2\/tags?post=69688"}],"curies":[{"name":"wp","href":"https:\/\/api.w.org\/{rel}","templated":true}]}}