{"id":69668,"date":"2024-03-22T15:13:34","date_gmt":"2024-03-22T21:13:34","guid":{"rendered":"http:\/\/mickyandoniehn.com\/radio\/2024\/03\/22\/repechaje-entre-honduras-y-costa-rica-se-jugara-con-balon-especial\/"},"modified":"2024-03-22T15:13:34","modified_gmt":"2024-03-22T21:13:34","slug":"repechaje-entre-honduras-y-costa-rica-se-jugara-con-balon-especial","status":"publish","type":"post","link":"https:\/\/mickyandoniehn.com\/radio\/2024\/03\/22\/repechaje-entre-honduras-y-costa-rica-se-jugara-con-balon-especial\/","title":{"rendered":"Repechaje entre Honduras y Costa Rica se jugar\u00e1 con bal\u00f3n especial"},"content":{"rendered":"<\/p>\n<p>Concacaf ha confirmado que el repechaje crucial entre la Selecci\u00f3n de Honduras y Costa Rica, programado para el s\u00e1bado 23 de marzo, se disputar\u00e1 utilizando el bal\u00f3n \u2018Adidas Conext 24\u2019 de Alemania, en el Toyota Stadium de Frisco, Texas. Este partido definir\u00e1 el boleto a la Copa Am\u00e9rica 2024.<\/p>\n<p>El \u2018Adidas Conext 24\u2019, fabricado en Alemania, incorpora tecnolog\u00eda de uni\u00f3n t\u00e9rmica que mejora el juego, especialmente en t\u00e9rminos de regateo y disparo. Este esf\u00e9rico, cubierto en su totalidad por poliuretano, presenta una llamativa combinaci\u00f3n de colores en negro, rosa y naranja.<\/p>\n<p>El bal\u00f3n \u2018Adidas Conext 24\u2019 hizo su debut en el pasado Mundial de Clubes de la FIFA, celebrado en Arabia Saudita, y ahora ser\u00e1 utilizado en el crucial encuentro entre Honduras y Costa Rica, as\u00ed como en otros eventos de importancia en Concacaf, como el repechaje entre Canad\u00e1 y Trinidad y Tobago, y las semifinales de la Nations League.<\/p>\n","protected":false},"excerpt":{"rendered":"<p>Concacaf ha confirmado que el repechaje crucial entre la Selecci\u00f3n de Honduras y Costa Rica, programado para el s\u00e1bado 23 de marzo, se disputar\u00e1 utilizando el bal\u00f3n \u2018Adidas Conext 24\u2019 de Alemania, en el Toyota Stadium de Frisco, Texas. Este partido definir\u00e1 el boleto a la Copa Am\u00e9rica 2024. El \u2018Adidas Conext 24\u2019, fabricado en &hellip;<\/p>\n","protected":false},"author":0,"featured_media":69669,"comment_status":"open","ping_status":"open","sticky":false,"template":"","format":"standard","meta":{"_jetpack_memberships_contains_paid_content":false,"footnotes":""},"categories":[5],"tags":[],"class_list":["post-69668","post","type-post","status-publish","format-standard","has-post-thumbnail","","category-noticias"],"jetpack_sharing_enabled":true,"jetpack_featured_media_url":"https:\/\/mickyandoniehn.com\/radio\/wp-content\/uploads\/2024\/03\/BB1k7Sun-750x430-iGnCSe.jpeg","_links":{"self":[{"href":"https:\/\/mickyandoniehn.com\/radio\/wp-json\/wp\/v2\/posts\/69668","targetHints":{"allow":["GET"]}}],"collection":[{"href":"https:\/\/mickyandoniehn.com\/radio\/wp-json\/wp\/v2\/posts"}],"about":[{"href":"https:\/\/mickyandoniehn.com\/radio\/wp-json\/wp\/v2\/types\/post"}],"replies":[{"embeddable":true,"href":"https:\/\/mickyandoniehn.com\/radio\/wp-json\/wp\/v2\/comments?post=69668"}],"version-history":[{"count":0,"href":"https:\/\/mickyandoniehn.com\/radio\/wp-json\/wp\/v2\/posts\/69668\/revisions"}],"wp:featuredmedia":[{"embeddable":true,"href":"https:\/\/mickyandoniehn.com\/radio\/wp-json\/wp\/v2\/media\/69669"}],"wp:attachment":[{"href":"https:\/\/mickyandoniehn.com\/radio\/wp-json\/wp\/v2\/media?parent=69668"}],"wp:term":[{"taxonomy":"category","embeddable":true,"href":"https:\/\/mickyandoniehn.com\/radio\/wp-json\/wp\/v2\/categories?post=69668"},{"taxonomy":"post_tag","embeddable":true,"href":"https:\/\/mickyandoniehn.com\/radio\/wp-json\/wp\/v2\/tags?post=69668"}],"curies":[{"name":"wp","href":"https:\/\/api.w.org\/{rel}","templated":true}]}}