{"id":69664,"date":"2024-03-22T15:13:31","date_gmt":"2024-03-22T21:13:31","guid":{"rendered":"http:\/\/mickyandoniehn.com\/radio\/2024\/03\/22\/expectativas-positivas-en-sector-empresarial-hondureno-ante-semana-santa-2024\/"},"modified":"2024-03-22T15:13:31","modified_gmt":"2024-03-22T21:13:31","slug":"expectativas-positivas-en-sector-empresarial-hondureno-ante-semana-santa-2024","status":"publish","type":"post","link":"https:\/\/mickyandoniehn.com\/radio\/2024\/03\/22\/expectativas-positivas-en-sector-empresarial-hondureno-ante-semana-santa-2024\/","title":{"rendered":"Expectativas positivas en sector empresarial hondure\u00f1o ante Semana Santa 2024"},"content":{"rendered":"<\/p>\n<p>El expresidente de la Federaci\u00f3n Nacional de C\u00e1maras de Comercio (Fedec\u00e1maras), Menoti Maradiaga, expres\u00f3 que las micro, peque\u00f1as y medianas empresas (mipymes) tienen expectativas positivas de cara al inicio de la Semana Santa 2024. Sin embargo, destac\u00f3 que el sector resiente la falta de una regulaci\u00f3n para el empleo temporal.<\/p>\n<p>Maradiaga manifest\u00f3 su descontento por la no aprobaci\u00f3n de la ley del empleo temporal, la cual habr\u00eda contribuido a formalizar el empleo de muchos j\u00f3venes y proporcionarles una mejor perspectiva laboral. Inst\u00f3 a los diputados del Congreso Nacional a aprobar leyes que fomenten el empleo, especialmente entre la juventud que busca estudiar y trabajar.<\/p>\n<p>El empresario enfatiz\u00f3 que los buenos empresarios buscan generar inversi\u00f3n y empleo de manera formal, pero para ello es necesario contar con leyes que lo faciliten.<\/p>\n<p>Por otro lado, el sector turismo espera una derrama econ\u00f3mica de 4 mil millones de lempiras durante la Semana Santa, una proyecci\u00f3n que Maradiaga considera crucial para que las mipymes dedicadas al rubro tur\u00edstico obtengan ingresos.<\/p>\n","protected":false},"excerpt":{"rendered":"<p>El expresidente de la Federaci\u00f3n Nacional de C\u00e1maras de Comercio (Fedec\u00e1maras), Menoti Maradiaga, expres\u00f3 que las micro, peque\u00f1as y medianas empresas (mipymes) tienen expectativas positivas de cara al inicio de la Semana Santa 2024. Sin embargo, destac\u00f3 que el sector resiente la falta de una regulaci\u00f3n para el empleo temporal. Maradiaga manifest\u00f3 su descontento por &hellip;<\/p>\n","protected":false},"author":0,"featured_media":69665,"comment_status":"open","ping_status":"open","sticky":false,"template":"","format":"standard","meta":{"_jetpack_memberships_contains_paid_content":false,"footnotes":""},"categories":[5],"tags":[],"class_list":["post-69664","post","type-post","status-publish","format-standard","has-post-thumbnail","","category-noticias"],"jetpack_sharing_enabled":true,"jetpack_featured_media_url":"https:\/\/mickyandoniehn.com\/radio\/wp-content\/uploads\/2024\/03\/Untitled-design-2024-03-08T122300.399-2-750x430-h6PhSc.jpeg","_links":{"self":[{"href":"https:\/\/mickyandoniehn.com\/radio\/wp-json\/wp\/v2\/posts\/69664","targetHints":{"allow":["GET"]}}],"collection":[{"href":"https:\/\/mickyandoniehn.com\/radio\/wp-json\/wp\/v2\/posts"}],"about":[{"href":"https:\/\/mickyandoniehn.com\/radio\/wp-json\/wp\/v2\/types\/post"}],"replies":[{"embeddable":true,"href":"https:\/\/mickyandoniehn.com\/radio\/wp-json\/wp\/v2\/comments?post=69664"}],"version-history":[{"count":0,"href":"https:\/\/mickyandoniehn.com\/radio\/wp-json\/wp\/v2\/posts\/69664\/revisions"}],"wp:featuredmedia":[{"embeddable":true,"href":"https:\/\/mickyandoniehn.com\/radio\/wp-json\/wp\/v2\/media\/69665"}],"wp:attachment":[{"href":"https:\/\/mickyandoniehn.com\/radio\/wp-json\/wp\/v2\/media?parent=69664"}],"wp:term":[{"taxonomy":"category","embeddable":true,"href":"https:\/\/mickyandoniehn.com\/radio\/wp-json\/wp\/v2\/categories?post=69664"},{"taxonomy":"post_tag","embeddable":true,"href":"https:\/\/mickyandoniehn.com\/radio\/wp-json\/wp\/v2\/tags?post=69664"}],"curies":[{"name":"wp","href":"https:\/\/api.w.org\/{rel}","templated":true}]}}