{"id":69662,"date":"2024-03-22T15:13:30","date_gmt":"2024-03-22T21:13:30","guid":{"rendered":"http:\/\/mickyandoniehn.com\/radio\/2024\/03\/22\/ccit-propone-plan-de-nacion-para-atender-retos-y-desafios\/"},"modified":"2024-03-22T15:13:30","modified_gmt":"2024-03-22T21:13:30","slug":"ccit-propone-plan-de-nacion-para-atender-retos-y-desafios","status":"publish","type":"post","link":"https:\/\/mickyandoniehn.com\/radio\/2024\/03\/22\/ccit-propone-plan-de-nacion-para-atender-retos-y-desafios\/","title":{"rendered":"CCIT propone Plan de Naci\u00f3n para atender retos y desaf\u00edos"},"content":{"rendered":"<\/p>\n<p class=\"mb-6\">La C\u00e1mara de Comercio e Industrias de Tegucigalpa (CCIT) urgi\u00f3 un di\u00e1logo concreto con el gobierno para establecer un Plan de Naci\u00f3n con Visi\u00f3n de Pa\u00eds, a corto, mediano y largo plazo, que contenga los lineamientos estrat\u00e9gicos, objetivos e indicadores para atender los desaf\u00edos que enfrenta el pa\u00eds.<\/p>\n<p class=\"mb-6\">\u201cLos di\u00e1logos son buenos, pero nosotros necesitamos acciones: hagamos un Plan de Naci\u00f3n, un Plan de Pa\u00eds y empecemos a ejecutarlo\u201d plante\u00f3 el presidente de la CCIT, Daniel Fort\u00edn.<\/p>\n<p class=\"mb-6\">\u201cEso de estar platicando y platicando en forma no concreta, no lleva a nada, es bueno el di\u00e1logo, pero si es para generar un Plan de Naci\u00f3n a corto mediano y largo plazo\u201d agreg\u00f3.<\/p>\n<p class=\"mb-6\">Dentro del Plan de Naci\u00f3n Fort\u00edn propuso resolver de una vez por todas, problemas en educaci\u00f3n, empleo, salud, infraestructura y energ\u00eda el\u00e9ctrica, entre otros. \u201cSino empezamos con un verdadero plan no lo vamos a resolver nunca\u201d expuso.<\/p>\n<p class=\"mb-6\">Adicionalmente, urgen plazas laborales para enfrentar el desempleo galopante. \u201cNo sustituir la Ley de Empleo por Hora por otra que sea mejor, creo que fue un tremendo error que nos llev\u00f3 a sufrir las consecuencias. Ser\u00e1 el pueblo que a la larga dar\u00e1 su veredicto, si est\u00e1n contentos con la derogaci\u00f3n del empleo por hora\u201d manifest\u00f3.<\/p>\n<p class=\"mb-6\">\u201cNosotros estamos diciendo desde hace tiempo, que con la Ley de Justicia Tributaria estamos de acuerdo en un 85 por ciento, necesitamos que se agreguen beneficios para la Micro Peque\u00f1a y Mediana Empresa (Mipymes)\u201d propuso.<\/p>\n<p class=\"mb-6\">\u201cQueremos saber en qu\u00e9 consisten los nuevos reg\u00edmenes y tener garant\u00eda de que estamos en un pa\u00eds con Estado de Derecho. Obviamente queremos leyes que atraigan la inversi\u00f3n y esta ley, creemos que en cierta medida no atrae la inversi\u00f3n, como quisi\u00e9ramos\u201d el titular de la CCIT de la Federaci\u00f3n de C\u00e1maras de Comercio de Centroam\u00e9rica y Rep\u00fablica Dominicana (Fecamco).\u00a0<em><strong>(WH)<\/strong><\/em><\/p>\n","protected":false},"excerpt":{"rendered":"<p>La C\u00e1mara de Comercio e Industrias de Tegucigalpa (CCIT) urgi\u00f3 un di\u00e1logo concreto con el gobierno para establecer un Plan de Naci\u00f3n con Visi\u00f3n de Pa\u00eds, a corto, mediano y largo plazo, que contenga los lineamientos estrat\u00e9gicos, objetivos e indicadores para atender los desaf\u00edos que enfrenta el pa\u00eds. \u201cLos di\u00e1logos son buenos, pero nosotros necesitamos &hellip;<\/p>\n","protected":false},"author":0,"featured_media":69663,"comment_status":"open","ping_status":"open","sticky":false,"template":"","format":"standard","meta":{"_jetpack_memberships_contains_paid_content":false,"footnotes":""},"categories":[5],"tags":[],"class_list":["post-69662","post","type-post","status-publish","format-standard","has-post-thumbnail","","category-noticias"],"jetpack_sharing_enabled":true,"jetpack_featured_media_url":"https:\/\/mickyandoniehn.com\/radio\/wp-content\/uploads\/2024\/03\/DANIEL-FORTIN-1-Ui0ohN.jpeg","_links":{"self":[{"href":"https:\/\/mickyandoniehn.com\/radio\/wp-json\/wp\/v2\/posts\/69662","targetHints":{"allow":["GET"]}}],"collection":[{"href":"https:\/\/mickyandoniehn.com\/radio\/wp-json\/wp\/v2\/posts"}],"about":[{"href":"https:\/\/mickyandoniehn.com\/radio\/wp-json\/wp\/v2\/types\/post"}],"replies":[{"embeddable":true,"href":"https:\/\/mickyandoniehn.com\/radio\/wp-json\/wp\/v2\/comments?post=69662"}],"version-history":[{"count":0,"href":"https:\/\/mickyandoniehn.com\/radio\/wp-json\/wp\/v2\/posts\/69662\/revisions"}],"wp:featuredmedia":[{"embeddable":true,"href":"https:\/\/mickyandoniehn.com\/radio\/wp-json\/wp\/v2\/media\/69663"}],"wp:attachment":[{"href":"https:\/\/mickyandoniehn.com\/radio\/wp-json\/wp\/v2\/media?parent=69662"}],"wp:term":[{"taxonomy":"category","embeddable":true,"href":"https:\/\/mickyandoniehn.com\/radio\/wp-json\/wp\/v2\/categories?post=69662"},{"taxonomy":"post_tag","embeddable":true,"href":"https:\/\/mickyandoniehn.com\/radio\/wp-json\/wp\/v2\/tags?post=69662"}],"curies":[{"name":"wp","href":"https:\/\/api.w.org\/{rel}","templated":true}]}}