{"id":69660,"date":"2024-03-22T15:13:28","date_gmt":"2024-03-22T21:13:28","guid":{"rendered":"http:\/\/mickyandoniehn.com\/radio\/2024\/03\/22\/proyecto-porcino-reactivara-desarrollo-sostenible-en-valle\/"},"modified":"2024-03-22T15:13:28","modified_gmt":"2024-03-22T21:13:28","slug":"proyecto-porcino-reactivara-desarrollo-sostenible-en-valle","status":"publish","type":"post","link":"https:\/\/mickyandoniehn.com\/radio\/2024\/03\/22\/proyecto-porcino-reactivara-desarrollo-sostenible-en-valle\/","title":{"rendered":"Proyecto porcino reactivar\u00e1 desarrollo sostenible en Valle"},"content":{"rendered":"<\/p>\n<p class=\"mb-6\">Un proyecto de cr\u00eda de cerdos en Valle fue lanzado por la Secretar\u00eda de Agricultura y Ganader\u00eda (SAG), para promover el desarrollo rural sostenible y con ello reactivar la econom\u00eda en todas las comunidades cercanas a ese departamento.<\/p>\n<p class=\"mb-6\">La ejecuci\u00f3n del proyecto en la zona sur beneficia a 420 familias miembros de cajas rurales productivas, por iniciativa de la SAG, a trav\u00e9s del Programa Nacional de Desarrollo Rural y Urbano Sostenible (Pronaders), y la Direcci\u00f3n de Ciencia y Tecnolog\u00eda Agropecuaria (Dicta).<\/p>\n<p class=\"mb-6\">La entrega fue realizada por el titular de SAG \u2013 Pronaders, Diego Umanzor, en coordinaci\u00f3n con el subdirector de la SAG-Dicta, Santos Barjum, quienes entregaron 16 cerdas a representantes de cajas rurales de Valle.<\/p>\n<p class=\"mb-6\">Umanzor destac\u00f3 que \u201csolo es el inicio, acabamos de publicar una licitaci\u00f3n para construir galpones donde se ubicar\u00e1n tres cerdas y un verraco, y hoy estamos entregando una para motivar a la caja y ense\u00f1arles a trabajar para que cuando llegue el proyecto, este sea exitoso\u201d.<\/p>\n<p>La entrega de cerdos fue realizada por el titular de SAG \u2013 Pronaders, Diego Umanzor, en coordinaci\u00f3n con el subdirector de la SAG-Dicta, Santos Barjum.<\/p>\n<h3 class=\"mb-6 font-semibold text-2xl\">ALIMENTO Y CHARLAS<\/h3>\n<p class=\"mb-6\">Agreg\u00f3 que \u201ctambi\u00e9n les apoyaremos con alimento, capacitaciones, y dem\u00e1s temas de inter\u00e9s, para que la parte productiva y reproductiva sea manejada de forma adecuada\u201d.<\/p>\n<p class=\"mb-6\">Durante la entrega, el subdirector de SAG-Dicta, Santos Barjum, explic\u00f3 los cuidados que deben tener con los porcinos entregados, reiterando su compromiso con las cajas rurales para mantener sanos a los lechones y cerdos adultos.<\/p>\n<p class=\"mb-6\">\u201cEs el momento ideal para beneficiar a 40 cajas rurales a nivel nacional, este es un proyecto ambicioso y muy bueno, estamos sumamente comprometidos porque queremos que el gobierno de la Presidenta Xiomara Castro salga bien\u201d, acot\u00f3.<\/p>\n<p class=\"mb-6\">\n<p class=\"mb-6\"><em><strong>PRODUCTOR<\/strong><\/em><br \/>\n<em><strong>\u201cAhora iniciaremos el cuidado de lechones\u201d<\/strong><\/em><br \/>\nEl peque\u00f1o agricultor, Luis M\u00e9ndez, indic\u00f3 que el gobierno est\u00e1 impulsando proyectos para el desarrollo del departamento de Valle.<\/p>\n<p class=\"mb-6\">\u201cEsto nos permitir\u00e1 la cr\u00eda de cerdos a gran escala, estamos agradecidos, ahora iniciaremos el proceso de cuidado de los lechones para posteriormente comercializar; esta caja rural est\u00e1 integrada por 16 personas\u201d, a\u00f1adi\u00f3 M\u00e9ndez.<\/p>\n<p class=\"mb-6\">La Secretar\u00eda de Agricultura y Ganader\u00eda (SAG) pretende estimular la econom\u00eda comunitaria y abordar la seguridad alimentaria en las zonas m\u00e1s vulnerables, con un enfoque en el desarrollo rural sostenible.<\/p>\n<p class=\"mb-6\">De esta manera se espera contribuir a que esta alternativa genere empleo y mejore la calidad de vida de cientos de familias hondure\u00f1as.<\/p>\n<p class=\"mb-6\">\n<p class=\"mb-6\"><em><strong>EN FOCO<\/strong><\/em><br \/>\n<em><strong>CR\u00cdA DE CERDOS BENEFICIA A 420 FAMILIAS DE CAJAS RURALES<\/strong><\/em><br \/>\nFuncionarios de la Secretar\u00eda de Agricultura y Ganader\u00eda entregaron cerdos a 420 familias miembros de las cajas rurales del departamento de Valle, quienes se mostraron entusiasmados por iniciar esta actividad productiva.<\/p>\n","protected":false},"excerpt":{"rendered":"<p>Un proyecto de cr\u00eda de cerdos en Valle fue lanzado por la Secretar\u00eda de Agricultura y Ganader\u00eda (SAG), para promover el desarrollo rural sostenible y con ello reactivar la econom\u00eda en todas las comunidades cercanas a ese departamento. La ejecuci\u00f3n del proyecto en la zona sur beneficia a 420 familias miembros de cajas rurales productivas, &hellip;<\/p>\n","protected":false},"author":0,"featured_media":69661,"comment_status":"open","ping_status":"open","sticky":false,"template":"","format":"standard","meta":{"_jetpack_memberships_contains_paid_content":false,"footnotes":""},"categories":[5],"tags":[],"class_list":["post-69660","post","type-post","status-publish","format-standard","has-post-thumbnail","","category-noticias"],"jetpack_sharing_enabled":true,"jetpack_featured_media_url":"https:\/\/mickyandoniehn.com\/radio\/wp-content\/uploads\/2024\/03\/CERDOS-1-b1Rrac.jpeg","_links":{"self":[{"href":"https:\/\/mickyandoniehn.com\/radio\/wp-json\/wp\/v2\/posts\/69660","targetHints":{"allow":["GET"]}}],"collection":[{"href":"https:\/\/mickyandoniehn.com\/radio\/wp-json\/wp\/v2\/posts"}],"about":[{"href":"https:\/\/mickyandoniehn.com\/radio\/wp-json\/wp\/v2\/types\/post"}],"replies":[{"embeddable":true,"href":"https:\/\/mickyandoniehn.com\/radio\/wp-json\/wp\/v2\/comments?post=69660"}],"version-history":[{"count":0,"href":"https:\/\/mickyandoniehn.com\/radio\/wp-json\/wp\/v2\/posts\/69660\/revisions"}],"wp:featuredmedia":[{"embeddable":true,"href":"https:\/\/mickyandoniehn.com\/radio\/wp-json\/wp\/v2\/media\/69661"}],"wp:attachment":[{"href":"https:\/\/mickyandoniehn.com\/radio\/wp-json\/wp\/v2\/media?parent=69660"}],"wp:term":[{"taxonomy":"category","embeddable":true,"href":"https:\/\/mickyandoniehn.com\/radio\/wp-json\/wp\/v2\/categories?post=69660"},{"taxonomy":"post_tag","embeddable":true,"href":"https:\/\/mickyandoniehn.com\/radio\/wp-json\/wp\/v2\/tags?post=69660"}],"curies":[{"name":"wp","href":"https:\/\/api.w.org\/{rel}","templated":true}]}}