{"id":69650,"date":"2024-03-22T12:12:48","date_gmt":"2024-03-22T18:12:48","guid":{"rendered":"http:\/\/mickyandoniehn.com\/radio\/2024\/03\/22\/moderna-ambulancia-y-carro-doble-cabina-recibe-el-911\/"},"modified":"2024-03-22T12:12:48","modified_gmt":"2024-03-22T18:12:48","slug":"moderna-ambulancia-y-carro-doble-cabina-recibe-el-911","status":"publish","type":"post","link":"https:\/\/mickyandoniehn.com\/radio\/2024\/03\/22\/moderna-ambulancia-y-carro-doble-cabina-recibe-el-911\/","title":{"rendered":"Moderna ambulancia y carro doble cabina recibe el 911"},"content":{"rendered":"<\/p>\n<p class=\"mb-6\"><em><strong>TELA, Atl\u00e1ntida. 22.03.2024<\/strong><\/em><\/p>\n<p class=\"mb-6\">Una moderna ambulancia y un carro doble cabina, pick-up, color blanco, le fueron entregados a la regional del Sistema Nacional de Emergencias 911, en Tela, para responder a emergencias, como una medida muy positiva para garantizar la seguridad y el bienestar de la comunidad.<\/p>\n<p class=\"mb-6\">Adem\u00e1s de proporcionar una respuesta r\u00e1pida a emergencias, estas adquisiciones tambi\u00e9n reflejan el compromiso de las autoridades locales con la preparaci\u00f3n y la prevenci\u00f3n de riesgos durante periodos de alta afluencia de personas, como la Semana Santa, expres\u00f3 el comisionado Rivera Licona.<\/p>\n<p class=\"mb-6\">\u201cEs por ello que la Comisi\u00f3n hizo las gestiones a m\u00e1s alto nivel, la presidenta de la Rep\u00fablica, Xiomara Castro, que inmediatamente ella autoriz\u00f3 que se compraran estas ambulancias, porque sab\u00edan que era un servicio especial para la comunidad\u201d, destac\u061a\u00f3 el comisionado.<\/p>\n<p>El director del 911 en Tela, Anner Reina, recibe las llaves de la ambulancia de manos del comisionado Rivera Licona.<\/p>\n<p class=\"mb-6\">El director del 911 en Tela, Anner Reina, expres\u00f3 que la adquisici\u00f3n de un nuevo veh\u00edculo, en este caso, una ambulancia destinada a atender las emergencias m\u00e9dicas en el Litoral Atl\u00e1ntico, no solo refuerza la capacidad operativa del servicio, sino que tambi\u00e9n contribuye significativamente a la satisfacci\u00f3n y seguridad de la poblaci\u00f3n.<\/p>\n<p class=\"mb-6\">Estas unidades son vitales para garantizar una respuesta efectiva ante emergencias de salud, especialmente en \u00e1reas costeras donde la demanda de servicios m\u00e9dicos puede ser alta debido a la actividad tur\u00edstica y la densidad poblacional.<\/p>\n<p class=\"mb-6\">Estas unidades de transporte desempe\u00f1an un papel importante en el traslado seguro y eficiente de pacientes a centros m\u00e9dicos especializados, asegurando as\u00ed una atenci\u00f3n integral desde el momento del llamado de emergencia hasta la llegada al hospital, concluy\u00f3.\u00a0<em><strong>(RL)<\/strong><\/em><\/p>\n<p>Parte del personal que asisti\u00f3 a la entrega de los dos veh\u00edculos.<\/p>\n<p>Fuente: latribuna.hn<\/p>\n","protected":false},"excerpt":{"rendered":"<p>TELA, Atl\u00e1ntida. 22.03.2024 Una moderna ambulancia y un carro doble cabina, pick-up, color blanco, le fueron entregados a la regional del Sistema Nacional de Emergencias 911, en Tela, para responder a emergencias, como una medida muy positiva para garantizar la seguridad y el bienestar de la comunidad. Adem\u00e1s de proporcionar una respuesta r\u00e1pida a emergencias, &hellip;<\/p>\n","protected":false},"author":0,"featured_media":69651,"comment_status":"open","ping_status":"open","sticky":false,"template":"","format":"standard","meta":{"_jetpack_memberships_contains_paid_content":false,"footnotes":""},"categories":[5],"tags":[],"class_list":["post-69650","post","type-post","status-publish","format-standard","has-post-thumbnail","","category-noticias"],"jetpack_sharing_enabled":true,"jetpack_featured_media_url":"https:\/\/mickyandoniehn.com\/radio\/wp-content\/uploads\/2024\/03\/TELA-EMERGENCIAS-7HMe80.jpeg","_links":{"self":[{"href":"https:\/\/mickyandoniehn.com\/radio\/wp-json\/wp\/v2\/posts\/69650","targetHints":{"allow":["GET"]}}],"collection":[{"href":"https:\/\/mickyandoniehn.com\/radio\/wp-json\/wp\/v2\/posts"}],"about":[{"href":"https:\/\/mickyandoniehn.com\/radio\/wp-json\/wp\/v2\/types\/post"}],"replies":[{"embeddable":true,"href":"https:\/\/mickyandoniehn.com\/radio\/wp-json\/wp\/v2\/comments?post=69650"}],"version-history":[{"count":0,"href":"https:\/\/mickyandoniehn.com\/radio\/wp-json\/wp\/v2\/posts\/69650\/revisions"}],"wp:featuredmedia":[{"embeddable":true,"href":"https:\/\/mickyandoniehn.com\/radio\/wp-json\/wp\/v2\/media\/69651"}],"wp:attachment":[{"href":"https:\/\/mickyandoniehn.com\/radio\/wp-json\/wp\/v2\/media?parent=69650"}],"wp:term":[{"taxonomy":"category","embeddable":true,"href":"https:\/\/mickyandoniehn.com\/radio\/wp-json\/wp\/v2\/categories?post=69650"},{"taxonomy":"post_tag","embeddable":true,"href":"https:\/\/mickyandoniehn.com\/radio\/wp-json\/wp\/v2\/tags?post=69650"}],"curies":[{"name":"wp","href":"https:\/\/api.w.org\/{rel}","templated":true}]}}