{"id":69644,"date":"2024-03-22T11:12:48","date_gmt":"2024-03-22T17:12:48","guid":{"rendered":"http:\/\/mickyandoniehn.com\/radio\/2024\/03\/22\/trinidad-santa-barbara-te-invita-a-la-primera-estacion-2024\/"},"modified":"2024-03-22T11:12:48","modified_gmt":"2024-03-22T17:12:48","slug":"trinidad-santa-barbara-te-invita-a-la-primera-estacion-2024","status":"publish","type":"post","link":"https:\/\/mickyandoniehn.com\/radio\/2024\/03\/22\/trinidad-santa-barbara-te-invita-a-la-primera-estacion-2024\/","title":{"rendered":"Trinidad, Santa B\u00e1rbara te invita a la Primera Estaci\u00f3n 2024"},"content":{"rendered":"<\/p>\n<p>\u00a0<\/p>\n<div class=\"xdj266r x11i5rnm xat24cr x1mh8g0r x1vvkbs x126k92a\">\n<div>Trinidad te invita a la Primera Estaci\u00f3n 2024, durante la semana se realizar\u00e1n diversas actividades que brindar\u00e1n a cada visitante una experiencia \u00fanica. Desde actuaciones de los famosos cuadros vivos trinitecos, hasta una expoferia gastron\u00f3mica y artesanal. Adem\u00e1s de actividades religiosas impulsadas por la iglesia local.<\/div>\n<\/div>\n<div class=\"x11i5rnm xat24cr x1mh8g0r x1vvkbs xtlvy1s x126k92a\">\n<div>\u00a1Ven y disfruta esta Semana Santa en Trinidad!<\/div>\n<\/div>\n","protected":false},"excerpt":{"rendered":"<p>\u00a0 Trinidad te invita a la Primera Estaci\u00f3n 2024, durante la semana se realizar\u00e1n diversas actividades que brindar\u00e1n a cada visitante una experiencia \u00fanica. Desde actuaciones de los famosos cuadros vivos trinitecos, hasta una expoferia gastron\u00f3mica y artesanal. Adem\u00e1s de actividades religiosas impulsadas por la iglesia local. \u00a1Ven y disfruta esta Semana Santa en Trinidad!<\/p>\n","protected":false},"author":0,"featured_media":69645,"comment_status":"open","ping_status":"open","sticky":false,"template":"","format":"standard","meta":{"_jetpack_memberships_contains_paid_content":false,"footnotes":""},"categories":[5],"tags":[],"class_list":["post-69644","post","type-post","status-publish","format-standard","has-post-thumbnail","","category-noticias"],"jetpack_sharing_enabled":true,"jetpack_featured_media_url":"https:\/\/mickyandoniehn.com\/radio\/wp-content\/uploads\/2024\/03\/433760615_730456435868978_4590890924379721233_n-DmSKO7.jpeg","_links":{"self":[{"href":"https:\/\/mickyandoniehn.com\/radio\/wp-json\/wp\/v2\/posts\/69644","targetHints":{"allow":["GET"]}}],"collection":[{"href":"https:\/\/mickyandoniehn.com\/radio\/wp-json\/wp\/v2\/posts"}],"about":[{"href":"https:\/\/mickyandoniehn.com\/radio\/wp-json\/wp\/v2\/types\/post"}],"replies":[{"embeddable":true,"href":"https:\/\/mickyandoniehn.com\/radio\/wp-json\/wp\/v2\/comments?post=69644"}],"version-history":[{"count":0,"href":"https:\/\/mickyandoniehn.com\/radio\/wp-json\/wp\/v2\/posts\/69644\/revisions"}],"wp:featuredmedia":[{"embeddable":true,"href":"https:\/\/mickyandoniehn.com\/radio\/wp-json\/wp\/v2\/media\/69645"}],"wp:attachment":[{"href":"https:\/\/mickyandoniehn.com\/radio\/wp-json\/wp\/v2\/media?parent=69644"}],"wp:term":[{"taxonomy":"category","embeddable":true,"href":"https:\/\/mickyandoniehn.com\/radio\/wp-json\/wp\/v2\/categories?post=69644"},{"taxonomy":"post_tag","embeddable":true,"href":"https:\/\/mickyandoniehn.com\/radio\/wp-json\/wp\/v2\/tags?post=69644"}],"curies":[{"name":"wp","href":"https:\/\/api.w.org\/{rel}","templated":true}]}}