{"id":69640,"date":"2024-03-22T11:12:44","date_gmt":"2024-03-22T17:12:44","guid":{"rendered":"http:\/\/mickyandoniehn.com\/radio\/2024\/03\/22\/el-instituto-hondureno-de-antropologia-e-historia-ihah-oficializo-la-entrega-del-proyecto-remodelacion-museografica-y-servicios-de-turismo-cultural-en-el-museo-de-comayagua\/"},"modified":"2024-03-22T11:12:44","modified_gmt":"2024-03-22T17:12:44","slug":"el-instituto-hondureno-de-antropologia-e-historia-ihah-oficializo-la-entrega-del-proyecto-remodelacion-museografica-y-servicios-de-turismo-cultural-en-el-museo-de-comayagua","status":"publish","type":"post","link":"https:\/\/mickyandoniehn.com\/radio\/2024\/03\/22\/el-instituto-hondureno-de-antropologia-e-historia-ihah-oficializo-la-entrega-del-proyecto-remodelacion-museografica-y-servicios-de-turismo-cultural-en-el-museo-de-comayagua\/","title":{"rendered":"El Instituto Hondure\u00f1o de Antropolog\u00eda e Historia (IHAH) oficializ\u00f3 la entrega del proyecto \u201cRemodelaci\u00f3n Museogr\u00e1fica y Servicios de Turismo Cultural en el Museo de Comayagua\u201d"},"content":{"rendered":"<\/p>\n<div class=\"xdj266r x11i5rnm xat24cr x1mh8g0r x1vvkbs x126k92a\">\n<div><strong>Comayagua. 22.03.2024<\/strong><\/div>\n<div><\/div>\n<div>El Instituto Hondure\u00f1o de Antropolog\u00eda e Historia (IHAH) oficializ\u00f3 la entrega del proyecto \u201cRemodelaci\u00f3n Museogr\u00e1fica y Servicios de Turismo Cultural en el Museo de Comayagua\u201d con una inversi\u00f3n de m\u00e1s de 2 millones.<\/div>\n<\/div>\n<div class=\"x11i5rnm xat24cr x1mh8g0r x1vvkbs xtlvy1s x126k92a\">\n<div>Este evento cont\u00f3 con la presencia de Luis Ch\u00e9vez, viceministro de Turismo; Rolando Canizales, gerente general del IHAH; Luis Fuentes, en representaci\u00f3n de la alcald\u00eda de Comayagua; representantes de las carreras de Historia y Antropolog\u00eda de la Universidades Nacional Aut\u00f3noma de Honduras (UNAH); empleados del museo y estudiantes locales.<\/div>\n<\/div>\n<div class=\"x11i5rnm xat24cr x1mh8g0r x1vvkbs xtlvy1s x126k92a\">\n<div>Cabe mencionar que este hist\u00f3rico espacio hab\u00eda sido olvidado por las antiguas autoridades hondure\u00f1as, con una \u00faltima intervenci\u00f3n en 2008. Canizales dio a conocer que tienen presupuestado arreglar por completo el techo de este edificio y esperan poder incorporar nuevas tecnolog\u00edas que mejoren y faciliten la experiencia de los visitantes.<\/div>\n<\/div>\n<div class=\"x11i5rnm xat24cr x1mh8g0r x1vvkbs xtlvy1s x126k92a\">\n<div>El museo ofrece al p\u00fablico un interesante recorrido por nueve salas expositivas que muestran la historia del Valle de Comayagua partiendo de salas de paleontolog\u00eda; salas de arqueolog\u00eda prehisp\u00e1nica en las que se muestran las interrelaciones econ\u00f3micas, pol\u00edticas y sociales del Valle de Comayagua; salas que muestran historia colonial de la anta\u00f1ona ciudad, sala republicana, finalizando con una muestra del patrimonio inmaterial de la zona.<\/div>\n<\/div>\n<div class=\"x11i5rnm xat24cr x1mh8g0r x1vvkbs xtlvy1s x126k92a\">\n<div>Comayagua, con una amplia oferta tur\u00edstica conocida por su historia, innumerables museos, exquisita gastronom\u00eda, pintorescas alfombras y actos religiosos, se ha posicionado entre los lugares favoritos de los turistas nacionales e internacionales, haciendo de este un destino imperdible, en esta Semana Santa te espera con los brazos abiertos.<\/div>\n<\/div>\n","protected":false},"excerpt":{"rendered":"<p>Comayagua. 22.03.2024 El Instituto Hondure\u00f1o de Antropolog\u00eda e Historia (IHAH) oficializ\u00f3 la entrega del proyecto \u201cRemodelaci\u00f3n Museogr\u00e1fica y Servicios de Turismo Cultural en el Museo de Comayagua\u201d con una inversi\u00f3n de m\u00e1s de 2 millones. Este evento cont\u00f3 con la presencia de Luis Ch\u00e9vez, viceministro de Turismo; Rolando Canizales, gerente general del IHAH; Luis Fuentes, &hellip;<\/p>\n","protected":false},"author":0,"featured_media":69641,"comment_status":"open","ping_status":"open","sticky":false,"template":"","format":"standard","meta":{"_jetpack_memberships_contains_paid_content":false,"footnotes":""},"categories":[5],"tags":[],"class_list":["post-69640","post","type-post","status-publish","format-standard","has-post-thumbnail","","category-noticias"],"jetpack_sharing_enabled":true,"jetpack_featured_media_url":"https:\/\/mickyandoniehn.com\/radio\/wp-content\/uploads\/2024\/03\/432754134_729993465915275_4632643114574205700_n-6nE1W1.jpeg","_links":{"self":[{"href":"https:\/\/mickyandoniehn.com\/radio\/wp-json\/wp\/v2\/posts\/69640","targetHints":{"allow":["GET"]}}],"collection":[{"href":"https:\/\/mickyandoniehn.com\/radio\/wp-json\/wp\/v2\/posts"}],"about":[{"href":"https:\/\/mickyandoniehn.com\/radio\/wp-json\/wp\/v2\/types\/post"}],"replies":[{"embeddable":true,"href":"https:\/\/mickyandoniehn.com\/radio\/wp-json\/wp\/v2\/comments?post=69640"}],"version-history":[{"count":0,"href":"https:\/\/mickyandoniehn.com\/radio\/wp-json\/wp\/v2\/posts\/69640\/revisions"}],"wp:featuredmedia":[{"embeddable":true,"href":"https:\/\/mickyandoniehn.com\/radio\/wp-json\/wp\/v2\/media\/69641"}],"wp:attachment":[{"href":"https:\/\/mickyandoniehn.com\/radio\/wp-json\/wp\/v2\/media?parent=69640"}],"wp:term":[{"taxonomy":"category","embeddable":true,"href":"https:\/\/mickyandoniehn.com\/radio\/wp-json\/wp\/v2\/categories?post=69640"},{"taxonomy":"post_tag","embeddable":true,"href":"https:\/\/mickyandoniehn.com\/radio\/wp-json\/wp\/v2\/tags?post=69640"}],"curies":[{"name":"wp","href":"https:\/\/api.w.org\/{rel}","templated":true}]}}