{"id":69636,"date":"2024-03-22T08:13:22","date_gmt":"2024-03-22T14:13:22","guid":{"rendered":"http:\/\/mickyandoniehn.com\/radio\/2024\/03\/22\/22-de-marzo-dia-mundial-del-agua-2\/"},"modified":"2024-03-22T08:13:22","modified_gmt":"2024-03-22T14:13:22","slug":"22-de-marzo-dia-mundial-del-agua-2","status":"publish","type":"post","link":"https:\/\/mickyandoniehn.com\/radio\/2024\/03\/22\/22-de-marzo-dia-mundial-del-agua-2\/","title":{"rendered":"22 De Marzo-D\u00eda Mundial del Agua"},"content":{"rendered":"<\/p>\n<p>\u00a0<\/p>\n<p>El\u00a0<strong>D\u00eda Mundial del Agua<\/strong>\u00a0se celebra el 22 de marzo de cada a\u00f1o y su principal objetivo es generar conciencia acerca de la importancia de cuidar los recursos de agua en el planeta, un elemento vital para la vida de todas las especies de la Tierra.<\/p>\n<p>Con la celebraci\u00f3n de esta efem\u00e9ride se pretende dar a conocer la crisis mundial del agua y la problem\u00e1tica que afrontan millones de personas que no tienen acceso al suministro de agua potable, as\u00ed como las medidas urgentes que se deben tomar al respecto.<\/p>\n<p><strong>El agua es un derecho fundamental\u00a0<\/strong>para la preservaci\u00f3n de la vida, en todas sus formas. Considerada como un derecho humano, este valioso e indispensable recurso natural no llega de forma segura a un gran n\u00famero de personas en distintos pa\u00edses, sobre todo a los m\u00e1s pobres, donde el agua potable no es accesible.<\/p>\n<p>De acuerdo a la\u00a0<strong>ONU\u00a0<\/strong>la poblaci\u00f3n m\u00e1s afectada es la carente de recursos econ\u00f3micos, donde el saneamiento de las aguas es un verdadero lujo, s\u00f3lo posible para las sociedades m\u00e1s avanzadas y los pa\u00edses desarrollados.<\/p>\n<p>M\u00e1s de un tercio de la poblaci\u00f3n mundial no goza de los servicios de agua potable segura, lo que se traduce a m\u00e1s de 2.000 millones de personas que no reciben el agua de calidad en sus hogares.<\/p>\n<p>Para los refugiados, personas sin hogar y todos los que viven en pobreza extrema no hay ninguna posibilidad de gozar de este recurso, tan vital para la vida.<\/p>\n<p>Para erradicar la miseria y todas las consecuencias que acarrea, la Organizaci\u00f3n de las Naciones Unidas busca alternativas para hacer de este mundo un lugar m\u00e1s viable para todos. Esto s\u00f3lo se alcanzar\u00e1 a trav\u00e9s del llamado\u00a0<strong>desarrollo sostenible<\/strong>.<\/p>\n<p>Revisa las tuber\u00edas y llaves de acceso de agua, a fin de detectar posibles fugas y goteras.<br \/>\nUtiliza un sistema de control de agua en el inodoro.<br \/>\nCierra el grifo mientras te enjabonas las manos, al afeitarte o cepillarte los dientes.<br \/>\nUtiliza una cantidad de agua moderada para lavar los platos y el auto. Usa el agua jabonosa sobrante para la limpieza del hogar.<br \/>\nRiega las plantas o el c\u00e9sped en horarios matutinos, utilizando solo la cantidad necesaria.<br \/>\nToma ba\u00f1os de corta duraci\u00f3n. Cierra la llave mientras te enjabonas y recolecta el agua sobrante en un cubo al abrir el grifo. Puedes reutilizarla para regar las plantas.<br \/>\nEvita utilizar electrodom\u00e9sticos como lavadoras y lavaplatos, para lavar cantidades m\u00ednimas de ropa o vajillas.<br \/>\nNo eches productos contaminantes, desechos o aceite en el inodoro, lavaplatos o lavamanos. Aplica este consejo si vas a la playa, a un lago o r\u00edo.<br \/>\nAl limpiar las peceras se puede reutilizar el agua para regar las plantas.<\/p>\n<p>\u00a0<\/p>\n<p>Cr\u00e9ditos tomados por:<\/p>\n<p>https:\/\/www.diainternacionalde.com\/ficha\/dia-mundial-agua<\/p>\n<p>\u00a0<\/p><\/p>\n","protected":false},"excerpt":{"rendered":"<p>\u00a0 El\u00a0D\u00eda Mundial del Agua\u00a0se celebra el 22 de marzo de cada a\u00f1o y su principal objetivo es generar conciencia acerca de la importancia de cuidar los recursos de agua en el planeta, un elemento vital para la vida de todas las especies de la Tierra. Con la celebraci\u00f3n de esta efem\u00e9ride se pretende dar &hellip;<\/p>\n","protected":false},"author":0,"featured_media":69637,"comment_status":"open","ping_status":"open","sticky":false,"template":"","format":"standard","meta":{"_jetpack_memberships_contains_paid_content":false,"footnotes":""},"categories":[5],"tags":[],"class_list":["post-69636","post","type-post","status-publish","format-standard","has-post-thumbnail","","category-noticias"],"jetpack_sharing_enabled":true,"jetpack_featured_media_url":"https:\/\/mickyandoniehn.com\/radio\/wp-content\/uploads\/2024\/03\/22-De-Marzo-Dia-Mundial-del-Agua-oEBcht.jpeg","_links":{"self":[{"href":"https:\/\/mickyandoniehn.com\/radio\/wp-json\/wp\/v2\/posts\/69636","targetHints":{"allow":["GET"]}}],"collection":[{"href":"https:\/\/mickyandoniehn.com\/radio\/wp-json\/wp\/v2\/posts"}],"about":[{"href":"https:\/\/mickyandoniehn.com\/radio\/wp-json\/wp\/v2\/types\/post"}],"replies":[{"embeddable":true,"href":"https:\/\/mickyandoniehn.com\/radio\/wp-json\/wp\/v2\/comments?post=69636"}],"version-history":[{"count":0,"href":"https:\/\/mickyandoniehn.com\/radio\/wp-json\/wp\/v2\/posts\/69636\/revisions"}],"wp:featuredmedia":[{"embeddable":true,"href":"https:\/\/mickyandoniehn.com\/radio\/wp-json\/wp\/v2\/media\/69637"}],"wp:attachment":[{"href":"https:\/\/mickyandoniehn.com\/radio\/wp-json\/wp\/v2\/media?parent=69636"}],"wp:term":[{"taxonomy":"category","embeddable":true,"href":"https:\/\/mickyandoniehn.com\/radio\/wp-json\/wp\/v2\/categories?post=69636"},{"taxonomy":"post_tag","embeddable":true,"href":"https:\/\/mickyandoniehn.com\/radio\/wp-json\/wp\/v2\/tags?post=69636"}],"curies":[{"name":"wp","href":"https:\/\/api.w.org\/{rel}","templated":true}]}}