{"id":69536,"date":"2024-03-20T12:12:41","date_gmt":"2024-03-20T18:12:41","guid":{"rendered":"http:\/\/mickyandoniehn.com\/radio\/2024\/03\/20\/honduras-ratifica-tratado-de-limites-con-nicaragua-en-el-caribe-y-el-pacifico\/"},"modified":"2024-03-20T12:12:41","modified_gmt":"2024-03-20T18:12:41","slug":"honduras-ratifica-tratado-de-limites-con-nicaragua-en-el-caribe-y-el-pacifico","status":"publish","type":"post","link":"https:\/\/mickyandoniehn.com\/radio\/2024\/03\/20\/honduras-ratifica-tratado-de-limites-con-nicaragua-en-el-caribe-y-el-pacifico\/","title":{"rendered":"Honduras ratifica Tratado de l\u00edmites con Nicaragua en el Caribe y el Pac\u00edfico"},"content":{"rendered":"<\/p>\n<p>\u00a0<\/p>\n<p class=\"mb-6\"><em><strong>Tegucigalpa. 20.03.2024<\/strong><\/em><\/p>\n<p class=\"mb-6\">El Parlamento de Honduras ratific\u00f3 el \u201cTratado de l\u00edmites con Nicaragua en el Mar Caribe y aguas afuera del Golfo de Fonseca\u201d (Pac\u00edfico), que fue suscrito por los dos pa\u00edses en octubre de 2021, inform\u00f3 este mi\u00e9rcoles el canciller hondure\u00f1o, Eduardo Enrique Reina.<\/p>\n<p class=\"mb-6\">El tratado fue ratificado el martes por 122 de los 128 diputados que integran el Parlamento hondure\u00f1o, cuyo presidente, Luis Redondo, le orden\u00f3 a los periodistas que salieran de la sala porque ser\u00eda discutido un asunto de inter\u00e9s nacional.<\/p>\n<p class=\"mb-6\">\u201cAyer por instrucciones de la Presidenta @XiomaraCastroZ comparecimos ante el Congreso Nacional en una sesi\u00f3n hist\u00f3rica para los derechos y la soberan\u00eda nacional de Honduras. En la cual, por unanimidad, se ratific\u00f3 el \u2018Tratado de l\u00edmites entre la Rep\u00fablica de Honduras y la Rep\u00fablica de Nicaragua en el Mar Caribe y aguas afuera del Golfo de Fonseca\u2019\u201d, indic\u00f3 el canciller Reina en la red social X.<\/p>\n<p class=\"mb-6\"><a class=\"text-custom-background hover:text-black transition-colors duration-150 ease-in-out\" href=\"https:\/\/www.latribuna.hn\/2021\/10\/28\/honduras-y-nicaragua-firman-acuerdo-de-delimitacion-de-sus-fronteras-maritimas-2\/\">El tratado fue suscrito en octubre de 2021 por el entonces presidente hondure\u00f1o Juan Orlando Hern\u00e1ndez y su hom\u00f3logo nicarag\u00fcense, Daniel Ortega.<\/a>\u00a0El Parlamento de Nicaragua aprob\u00f3 de inmediato el tratado, mientras que Honduras esper\u00f3 m\u00e1s de dos a\u00f1os para hacerlo.<\/p>\n<p class=\"mb-6\">Reina valor\u00f3 \u201cpositivamente\u201d la ratificaci\u00f3n del tratado y subray\u00f3 que \u201cviene a finiquitar y para beneficio del desarrollo de ambos pueblos hermanos, una historia de m\u00e1s de 100 a\u00f1os de laudos, casos ante la CIJ (Corte Internacional de Justicia) y tratados, usando los medios pac\u00edficos que el Derecho Internacional establece para la soluci\u00f3n de diferencias y contribuir a la hermandad y la paz\u201d.<\/p>\n<p class=\"mb-6\">\u201cEl tratado reconoce las sentencias de la CIJ de 1992 (que defini\u00f3 los l\u00edmites en el Golfo de Fonseca) entre Honduras y El Salvador) y 2007\u201d, subray\u00f3 el diplom\u00e1tico hondure\u00f1o, que agradeci\u00f3 a los diputados del Parlamento de su pa\u00eds \u201cpor su disposici\u00f3n patri\u00f3tica\u201d.<\/p>\n<p class=\"mb-6\">\u201cEsperamos seguir construyendo en el Golfo de Fonseca una zona de paz y desarrollo sostenible con los pa\u00edses ribere\u00f1os\u201d, acot\u00f3.<\/p>\n<p class=\"mb-6\">El Golfo de Fonseca es compartido por El Salvador, Honduras y Nicaragua.\u00a0<strong>EFE<\/strong><\/p>\n<div class=\"twitter-tweet twitter-tweet-rendered\"><\/div>\n<div><\/div>\n<div>Fuente: latribuna.hn<\/div>\n","protected":false},"excerpt":{"rendered":"<p>\u00a0 Tegucigalpa. 20.03.2024 El Parlamento de Honduras ratific\u00f3 el \u201cTratado de l\u00edmites con Nicaragua en el Mar Caribe y aguas afuera del Golfo de Fonseca\u201d (Pac\u00edfico), que fue suscrito por los dos pa\u00edses en octubre de 2021, inform\u00f3 este mi\u00e9rcoles el canciller hondure\u00f1o, Eduardo Enrique Reina. El tratado fue ratificado el martes por 122 de &hellip;<\/p>\n","protected":false},"author":0,"featured_media":69537,"comment_status":"open","ping_status":"open","sticky":false,"template":"","format":"standard","meta":{"_jetpack_memberships_contains_paid_content":false,"footnotes":""},"categories":[5],"tags":[],"class_list":["post-69536","post","type-post","status-publish","format-standard","has-post-thumbnail","","category-noticias"],"jetpack_sharing_enabled":true,"jetpack_featured_media_url":"https:\/\/mickyandoniehn.com\/radio\/wp-content\/uploads\/2024\/03\/tratado-honduras-nicaragua-K1jg37.jpeg","_links":{"self":[{"href":"https:\/\/mickyandoniehn.com\/radio\/wp-json\/wp\/v2\/posts\/69536","targetHints":{"allow":["GET"]}}],"collection":[{"href":"https:\/\/mickyandoniehn.com\/radio\/wp-json\/wp\/v2\/posts"}],"about":[{"href":"https:\/\/mickyandoniehn.com\/radio\/wp-json\/wp\/v2\/types\/post"}],"replies":[{"embeddable":true,"href":"https:\/\/mickyandoniehn.com\/radio\/wp-json\/wp\/v2\/comments?post=69536"}],"version-history":[{"count":0,"href":"https:\/\/mickyandoniehn.com\/radio\/wp-json\/wp\/v2\/posts\/69536\/revisions"}],"wp:featuredmedia":[{"embeddable":true,"href":"https:\/\/mickyandoniehn.com\/radio\/wp-json\/wp\/v2\/media\/69537"}],"wp:attachment":[{"href":"https:\/\/mickyandoniehn.com\/radio\/wp-json\/wp\/v2\/media?parent=69536"}],"wp:term":[{"taxonomy":"category","embeddable":true,"href":"https:\/\/mickyandoniehn.com\/radio\/wp-json\/wp\/v2\/categories?post=69536"},{"taxonomy":"post_tag","embeddable":true,"href":"https:\/\/mickyandoniehn.com\/radio\/wp-json\/wp\/v2\/tags?post=69536"}],"curies":[{"name":"wp","href":"https:\/\/api.w.org\/{rel}","templated":true}]}}