{"id":69528,"date":"2024-03-20T07:12:34","date_gmt":"2024-03-20T13:12:34","guid":{"rendered":"https:\/\/mickyandoniehn.com\/radio\/2024\/03\/20\/honduras-en-la-historia-20-de-marzo-de-1926-se-crea-el-municipio-de-san-matias-en-el-departamento-de-el-paraiso\/"},"modified":"2024-03-20T07:12:34","modified_gmt":"2024-03-20T13:12:34","slug":"honduras-en-la-historia-20-de-marzo-de-1926-se-crea-el-municipio-de-san-matias-en-el-departamento-de-el-paraiso","status":"publish","type":"post","link":"https:\/\/mickyandoniehn.com\/radio\/2024\/03\/20\/honduras-en-la-historia-20-de-marzo-de-1926-se-crea-el-municipio-de-san-matias-en-el-departamento-de-el-paraiso\/","title":{"rendered":"Honduras en la Historia: 20 de marzo de 1926, Se crea el municipio de San Mat\u00edas en el departamento de El Para\u00edso"},"content":{"rendered":"<\/p>\n<p>20 de marzo de 1926, Se crea el municipio de San Mat\u00edas en el departamento de El Para\u00edso<\/p>\n<p>Fecha de Creaci\u00f3n<\/p>\n<p>Fue creado el 20 de marzo de 1926.<\/p>\n<p>Decreto de Creaci\u00f3n<\/p>\n<p>En el censo de poblaci\u00f3n de 1887 aparece como aldea de Danl\u00ed, en 1926 se cre\u00f3 el Municipio as\u00ed:<\/p>\n<p>Tegucigalpa 20 de marzo de 1926.<\/p>\n<p>Vista la solicitud elevada al Poder Ejecutivo, por el Abogado Don Pascual P. Torres, mayor de edad, casado y vecino de San Pedro Sula, como representante de los se\u00f1ores Felipe Valerio, Juan Pablo Rodr\u00edguez y otros vecinos de Danl\u00ed Departamento de El Para\u00edso, con residencia en la Aldea de San Mat\u00edas, en la que pide la creaci\u00f3n de un nuevo Municipio en la Aldea de este nombre, la cual ser\u00e1 cabecera municipal, m\u00e1s los caser\u00edos de la Concepci\u00f3n, San Jer\u00f3nimo, Guayac\u00e1n, Esp\u00edritu, Robledal y Santa Rosa, por tener los recursos, n\u00famero de habitantes y dem\u00e1s elementos necesarios para tal fin. O\u00eddo el parecer del Fiscal de Hacienda<\/p>\n<p>CONSIDERANDO: Que en virtud de lo expresado por el peticionario, confirmado por el Gobernador Pol\u00edtico respectivo, es conveniente la creaci\u00f3n de un Municipio,<\/p>\n<p>POR TANTO: El Presidente de la Rep\u00fablica en uso de las facultades que le confieren los art\u00edculos 2. , 3 y 8., de la Ley Municipal, ACUERDA:<\/p>\n<p>Resolver de conformidad la solicitud de que se ha hecho merito, en consecuencia la creaci\u00f3n del Municipio de San Mat\u00edas, cuya cabecera, ser\u00e1 cabecera de este nombre, con los caser\u00edos de la Concepci\u00f3n, San Jer\u00f3nimo, Guayac\u00e1n, El Esp\u00edritu, Robledal y Santa Rosa.<br \/>\nDelegar en el Gobernador Pol\u00edtico la facultad de fijar definitivamente los l\u00edmites jurisdiccionales del nuevo Municipio.<br \/>\nDisponer que las elecciones de las autoridades locales se hagan en la ciudad de Danl\u00ed, el \u00faltimo domingo de abril pr\u00f3ximo, con citaci\u00f3n de los electores residentes en las Aldeas mencionadas, debiendo tomar posesi\u00f3n las autoridades electas, el d\u00eda primero de mayo del presente, con la presencia del Gobernador Pol\u00edtico del Departamento de El Para\u00edso y<br \/>\nLa elecci\u00f3n se har\u00e1 para un Alcalde, un Regidor y un S\u00edndico. Comun\u00edquese. Paz Barahona. El Secretario de Estado en el Despacho de Gobernaci\u00f3n, Justicia y Sanidad. Juan Manuel G\u00e1lvez.<\/p>\n<p>\u00a0<\/p>\n<\/p>\n<p>\u00a0<\/p>\n","protected":false},"excerpt":{"rendered":"<p>20 de marzo de 1926, Se crea el municipio de San Mat\u00edas en el departamento de El Para\u00edso Fecha de Creaci\u00f3n Fue creado el 20 de marzo de 1926. Decreto de Creaci\u00f3n En el censo de poblaci\u00f3n de 1887 aparece como aldea de Danl\u00ed, en 1926 se cre\u00f3 el Municipio as\u00ed: Tegucigalpa 20 de marzo &hellip;<\/p>\n","protected":false},"author":0,"featured_media":69529,"comment_status":"open","ping_status":"open","sticky":false,"template":"","format":"standard","meta":{"_jetpack_memberships_contains_paid_content":false,"footnotes":""},"categories":[5],"tags":[],"class_list":["post-69528","post","type-post","status-publish","format-standard","has-post-thumbnail","","category-noticias"],"jetpack_sharing_enabled":true,"jetpack_featured_media_url":"https:\/\/mickyandoniehn.com\/radio\/wp-content\/uploads\/2024\/03\/Diapositiva1-24-ag5UCQ.png","_links":{"self":[{"href":"https:\/\/mickyandoniehn.com\/radio\/wp-json\/wp\/v2\/posts\/69528","targetHints":{"allow":["GET"]}}],"collection":[{"href":"https:\/\/mickyandoniehn.com\/radio\/wp-json\/wp\/v2\/posts"}],"about":[{"href":"https:\/\/mickyandoniehn.com\/radio\/wp-json\/wp\/v2\/types\/post"}],"replies":[{"embeddable":true,"href":"https:\/\/mickyandoniehn.com\/radio\/wp-json\/wp\/v2\/comments?post=69528"}],"version-history":[{"count":0,"href":"https:\/\/mickyandoniehn.com\/radio\/wp-json\/wp\/v2\/posts\/69528\/revisions"}],"wp:featuredmedia":[{"embeddable":true,"href":"https:\/\/mickyandoniehn.com\/radio\/wp-json\/wp\/v2\/media\/69529"}],"wp:attachment":[{"href":"https:\/\/mickyandoniehn.com\/radio\/wp-json\/wp\/v2\/media?parent=69528"}],"wp:term":[{"taxonomy":"category","embeddable":true,"href":"https:\/\/mickyandoniehn.com\/radio\/wp-json\/wp\/v2\/categories?post=69528"},{"taxonomy":"post_tag","embeddable":true,"href":"https:\/\/mickyandoniehn.com\/radio\/wp-json\/wp\/v2\/tags?post=69528"}],"curies":[{"name":"wp","href":"https:\/\/api.w.org\/{rel}","templated":true}]}}