{"id":69526,"date":"2024-03-20T07:12:31","date_gmt":"2024-03-20T13:12:31","guid":{"rendered":"https:\/\/mickyandoniehn.com\/radio\/2024\/03\/20\/honduras-en-la-historia-20-de-marzo-de-1934-se-crea-el-municipio-de-cantarranas-en-el-departamento-de-francisco-morazan\/"},"modified":"2024-03-20T07:12:31","modified_gmt":"2024-03-20T13:12:31","slug":"honduras-en-la-historia-20-de-marzo-de-1934-se-crea-el-municipio-de-cantarranas-en-el-departamento-de-francisco-morazan","status":"publish","type":"post","link":"https:\/\/mickyandoniehn.com\/radio\/2024\/03\/20\/honduras-en-la-historia-20-de-marzo-de-1934-se-crea-el-municipio-de-cantarranas-en-el-departamento-de-francisco-morazan\/","title":{"rendered":"Honduras en la Historia: 20 de marzo de 1934, Se crea el municipio de Cantarranas en el departamento de Francisco Moraz\u00e1n"},"content":{"rendered":"<\/p>\n<p>20 de marzo de 1934, Se crea el municipio de Cantarranas en el departamento de Francisco Moraz\u00e1n<\/p>\n<p>Datos hist\u00f3ricos revelan que El Municipio de Cantarranas, se fund\u00f3 entre los a\u00f1os 1600 a 1666 con el nombre de Cantarranas, su nombre se origina debido a que los primeros pobladores proven\u00edan de un barrio de Madrid llamado \u201cCantaranas\u201d; cuando se llev\u00f3 a cabo el primer recuento de poblaci\u00f3n de la provincia de Honduras, \u00e9ste era cabecera del curato. Sus primeros asentamientos datan de hace m\u00e1s de tres siglos y fue hasta 1791 que se le concedi\u00f3 la categor\u00eda de Cabecera del Curato y posteriormente el 16 de octubre de 1841 se le dio la categor\u00eda de municipio. En el a\u00f1o de 1829 se produce la separaci\u00f3n de Talanga, en el a\u00f1o 1873 de Guaimaca y en 1880 de la Villa de San Juancito. Por otro lado, seg\u00fan informaci\u00f3n existente en la Divisi\u00f3n Pol\u00edtica Territorial de 1889, se le cambio el nombre inicial y se le denomin\u00f3 San Juan de Flores. En el a\u00f1o de 1923 se produjo la separaci\u00f3n de la Villa de San Francisco que se transform\u00f3 en municipio, en compensaci\u00f3n el 20 de marzo de 1924, mediante decreto N\u00b0 92, se le otorg\u00f3 a la cabecera municipal el t\u00edtulo de ciudad.<\/p><\/p>\n","protected":false},"excerpt":{"rendered":"<p>20 de marzo de 1934, Se crea el municipio de Cantarranas en el departamento de Francisco Moraz\u00e1n Datos hist\u00f3ricos revelan que El Municipio de Cantarranas, se fund\u00f3 entre los a\u00f1os 1600 a 1666 con el nombre de Cantarranas, su nombre se origina debido a que los primeros pobladores proven\u00edan de un barrio de Madrid llamado &hellip;<\/p>\n","protected":false},"author":0,"featured_media":69527,"comment_status":"open","ping_status":"open","sticky":false,"template":"","format":"standard","meta":{"_jetpack_memberships_contains_paid_content":false,"footnotes":""},"categories":[5],"tags":[],"class_list":["post-69526","post","type-post","status-publish","format-standard","has-post-thumbnail","","category-noticias"],"jetpack_sharing_enabled":true,"jetpack_featured_media_url":"https:\/\/mickyandoniehn.com\/radio\/wp-content\/uploads\/2024\/03\/Diapositiva1-25-6o3uIr.png","_links":{"self":[{"href":"https:\/\/mickyandoniehn.com\/radio\/wp-json\/wp\/v2\/posts\/69526","targetHints":{"allow":["GET"]}}],"collection":[{"href":"https:\/\/mickyandoniehn.com\/radio\/wp-json\/wp\/v2\/posts"}],"about":[{"href":"https:\/\/mickyandoniehn.com\/radio\/wp-json\/wp\/v2\/types\/post"}],"replies":[{"embeddable":true,"href":"https:\/\/mickyandoniehn.com\/radio\/wp-json\/wp\/v2\/comments?post=69526"}],"version-history":[{"count":0,"href":"https:\/\/mickyandoniehn.com\/radio\/wp-json\/wp\/v2\/posts\/69526\/revisions"}],"wp:featuredmedia":[{"embeddable":true,"href":"https:\/\/mickyandoniehn.com\/radio\/wp-json\/wp\/v2\/media\/69527"}],"wp:attachment":[{"href":"https:\/\/mickyandoniehn.com\/radio\/wp-json\/wp\/v2\/media?parent=69526"}],"wp:term":[{"taxonomy":"category","embeddable":true,"href":"https:\/\/mickyandoniehn.com\/radio\/wp-json\/wp\/v2\/categories?post=69526"},{"taxonomy":"post_tag","embeddable":true,"href":"https:\/\/mickyandoniehn.com\/radio\/wp-json\/wp\/v2\/tags?post=69526"}],"curies":[{"name":"wp","href":"https:\/\/api.w.org\/{rel}","templated":true}]}}