{"id":69522,"date":"2024-03-19T17:12:58","date_gmt":"2024-03-19T23:12:58","guid":{"rendered":"http:\/\/mickyandoniehn.com\/radio\/2024\/03\/19\/hondurenos-podran-viajar-a-bolivia-sin-visa\/"},"modified":"2024-03-19T17:12:58","modified_gmt":"2024-03-19T23:12:58","slug":"hondurenos-podran-viajar-a-bolivia-sin-visa","status":"publish","type":"post","link":"https:\/\/mickyandoniehn.com\/radio\/2024\/03\/19\/hondurenos-podran-viajar-a-bolivia-sin-visa\/","title":{"rendered":"Hondure\u00f1os podr\u00e1n viajar a Bolivia sin visa"},"content":{"rendered":"<\/p>\n<p><strong>Tegucigalpa. 19.03.2024<\/strong><\/p>\n<p>El 17 de marzo entr\u00f3 en vigencia el acuerdo por el que los bolivianos y hondure\u00f1os podr\u00e1n viajar y permanecer en los pa\u00edses respectivos\u00a0<strong>sin necesidad de visa.\u00a0<\/strong>A continuaci\u00f3n te contamos todo lo que necesitas saber.<\/p>\n<p>El Gobierno de Honduras\u00a0<strong>firm\u00f3 un acuerdo\u00a0<\/strong>de \u00absuspensi\u00f3n de visa para titulares de pasaportes diplom\u00e1ticos, oficiales y corrientes\u00bb en 2023.<\/p>\n<div class=\"wp-block-image\">\n<\/div>\n<p>Gracias a esto, los hondure\u00f1os podr\u00e1n\u00a0<strong>viajar a Bolivia\u00a0<\/strong>sin necesidad de tramitar una visa de turismo o de visita, \u00fanicamente necesitar\u00e1n su pasaporte.<\/p>\n<p>Eliminar la necesidad de visas entre pa\u00edses beneficia al<strong>\u00a0facilitar el turismo<\/strong>, fomentar el intercambio cultural y educativo y fortalece las relaciones internacionales.<\/p>\n<p>\u00a0<\/p>\n<p>Fuente: latribuna.hn<\/p>\n","protected":false},"excerpt":{"rendered":"<p>Tegucigalpa. 19.03.2024 El 17 de marzo entr\u00f3 en vigencia el acuerdo por el que los bolivianos y hondure\u00f1os podr\u00e1n viajar y permanecer en los pa\u00edses respectivos\u00a0sin necesidad de visa.\u00a0A continuaci\u00f3n te contamos todo lo que necesitas saber. El Gobierno de Honduras\u00a0firm\u00f3 un acuerdo\u00a0de \u00absuspensi\u00f3n de visa para titulares de pasaportes diplom\u00e1ticos, oficiales y corrientes\u00bb en &hellip;<\/p>\n","protected":false},"author":0,"featured_media":69523,"comment_status":"open","ping_status":"open","sticky":false,"template":"","format":"standard","meta":{"_jetpack_memberships_contains_paid_content":false,"footnotes":""},"categories":[5],"tags":[],"class_list":["post-69522","post","type-post","status-publish","format-standard","has-post-thumbnail","","category-noticias"],"jetpack_sharing_enabled":true,"jetpack_featured_media_url":"https:\/\/mickyandoniehn.com\/radio\/wp-content\/uploads\/2024\/03\/ipiccy_image-1-1-1-1536x849-1-750x430-1-Is19NV.jpeg","_links":{"self":[{"href":"https:\/\/mickyandoniehn.com\/radio\/wp-json\/wp\/v2\/posts\/69522","targetHints":{"allow":["GET"]}}],"collection":[{"href":"https:\/\/mickyandoniehn.com\/radio\/wp-json\/wp\/v2\/posts"}],"about":[{"href":"https:\/\/mickyandoniehn.com\/radio\/wp-json\/wp\/v2\/types\/post"}],"replies":[{"embeddable":true,"href":"https:\/\/mickyandoniehn.com\/radio\/wp-json\/wp\/v2\/comments?post=69522"}],"version-history":[{"count":0,"href":"https:\/\/mickyandoniehn.com\/radio\/wp-json\/wp\/v2\/posts\/69522\/revisions"}],"wp:featuredmedia":[{"embeddable":true,"href":"https:\/\/mickyandoniehn.com\/radio\/wp-json\/wp\/v2\/media\/69523"}],"wp:attachment":[{"href":"https:\/\/mickyandoniehn.com\/radio\/wp-json\/wp\/v2\/media?parent=69522"}],"wp:term":[{"taxonomy":"category","embeddable":true,"href":"https:\/\/mickyandoniehn.com\/radio\/wp-json\/wp\/v2\/categories?post=69522"},{"taxonomy":"post_tag","embeddable":true,"href":"https:\/\/mickyandoniehn.com\/radio\/wp-json\/wp\/v2\/tags?post=69522"}],"curies":[{"name":"wp","href":"https:\/\/api.w.org\/{rel}","templated":true}]}}