{"id":69514,"date":"2024-03-19T16:12:49","date_gmt":"2024-03-19T22:12:49","guid":{"rendered":"http:\/\/mickyandoniehn.com\/radio\/2024\/03\/19\/seminario-sobre-criminalizacion-y-acoso-judicial-imparten-a-comunicadores\/"},"modified":"2024-03-19T16:12:49","modified_gmt":"2024-03-19T22:12:49","slug":"seminario-sobre-criminalizacion-y-acoso-judicial-imparten-a-comunicadores","status":"publish","type":"post","link":"https:\/\/mickyandoniehn.com\/radio\/2024\/03\/19\/seminario-sobre-criminalizacion-y-acoso-judicial-imparten-a-comunicadores\/","title":{"rendered":"Seminario sobre criminalizaci\u00f3n y acoso judicial imparten a comunicadores"},"content":{"rendered":"<\/p>\n<p class=\"mb-6\"><em><strong>TELA, Atl\u00e1ntida.- 19.03.2024<\/strong><\/em><\/p>\n<p class=\"mb-6\">Un seminario taller titulado \u201cProtecci\u00f3n frente a la criminalizaci\u00f3n y acoso judicial a periodistas\u201d, fue impartido a comunicadores tele\u00f1os.<\/p>\n<p class=\"mb-6\">Ha sido un evento de gran importancia en el contexto actual, donde la libertad de prensa y el ejercicio del periodismo enfrentan numerosos desaf\u00edos, se destac\u00f3.<\/p>\n<p class=\"mb-6\">Este tipo de talleres son fundamentales para sensibilizar a los periodistas sobre los riesgos asociados a su labor, as\u00ed como para proporcionarles herramientas y estrategias para protegerse frente a situaciones de criminalizaci\u00f3n y acoso judicial, expres\u00f3 uno de los expositores, Saul Bueso, del \u00e1rea legal de la Unidad de Protecci\u00f3n de C-Libre, y Amada Ponce, directora ejecutiva de C-Libre, otra de las expositoras.<\/p>\n<p class=\"mb-6\">Su experiencia y conocimientos en la defensa de los derechos humanos y la libertad de expresi\u00f3n en Honduras dan una perspectiva pr\u00e1ctica y actualizada sobre los desaf\u00edos y las mejores pr\u00e1cticas para enfrentarlos.<\/p>\n<p class=\"mb-6\">Al llevar este tipo de capacitaci\u00f3n a lugares como la ciudad puerto de Tela, se demuestra un compromiso con la democratizaci\u00f3n de la informaci\u00f3n y la protecci\u00f3n de quienes trabajan en el \u00e1mbito period\u00edstico en zonas donde la situaci\u00f3n puede ser especialmente compleja, se\u00f1al\u00f3 Bueso.<\/p>\n<p class=\"mb-6\">Los talleres son esenciales para fortalecer la protecci\u00f3n y defensa de los derechos de los periodistas, as\u00ed como para promover un ambiente propicio para el ejercicio libre y seguro del periodismo en Honduras, puntualizaron.<\/p>\n<p>Fuente: latribuna.hn<\/p>\n","protected":false},"excerpt":{"rendered":"<p>TELA, Atl\u00e1ntida.- 19.03.2024 Un seminario taller titulado \u201cProtecci\u00f3n frente a la criminalizaci\u00f3n y acoso judicial a periodistas\u201d, fue impartido a comunicadores tele\u00f1os. Ha sido un evento de gran importancia en el contexto actual, donde la libertad de prensa y el ejercicio del periodismo enfrentan numerosos desaf\u00edos, se destac\u00f3. Este tipo de talleres son fundamentales para &hellip;<\/p>\n","protected":false},"author":0,"featured_media":69515,"comment_status":"open","ping_status":"open","sticky":false,"template":"","format":"standard","meta":{"_jetpack_memberships_contains_paid_content":false,"footnotes":""},"categories":[5],"tags":[],"class_list":["post-69514","post","type-post","status-publish","format-standard","has-post-thumbnail","","category-noticias"],"jetpack_sharing_enabled":true,"jetpack_featured_media_url":"https:\/\/mickyandoniehn.com\/radio\/wp-content\/uploads\/2024\/03\/TELA-SEMINARIO-LNrBtk.jpeg","_links":{"self":[{"href":"https:\/\/mickyandoniehn.com\/radio\/wp-json\/wp\/v2\/posts\/69514","targetHints":{"allow":["GET"]}}],"collection":[{"href":"https:\/\/mickyandoniehn.com\/radio\/wp-json\/wp\/v2\/posts"}],"about":[{"href":"https:\/\/mickyandoniehn.com\/radio\/wp-json\/wp\/v2\/types\/post"}],"replies":[{"embeddable":true,"href":"https:\/\/mickyandoniehn.com\/radio\/wp-json\/wp\/v2\/comments?post=69514"}],"version-history":[{"count":0,"href":"https:\/\/mickyandoniehn.com\/radio\/wp-json\/wp\/v2\/posts\/69514\/revisions"}],"wp:featuredmedia":[{"embeddable":true,"href":"https:\/\/mickyandoniehn.com\/radio\/wp-json\/wp\/v2\/media\/69515"}],"wp:attachment":[{"href":"https:\/\/mickyandoniehn.com\/radio\/wp-json\/wp\/v2\/media?parent=69514"}],"wp:term":[{"taxonomy":"category","embeddable":true,"href":"https:\/\/mickyandoniehn.com\/radio\/wp-json\/wp\/v2\/categories?post=69514"},{"taxonomy":"post_tag","embeddable":true,"href":"https:\/\/mickyandoniehn.com\/radio\/wp-json\/wp\/v2\/tags?post=69514"}],"curies":[{"name":"wp","href":"https:\/\/api.w.org\/{rel}","templated":true}]}}