{"id":69510,"date":"2024-03-19T16:12:46","date_gmt":"2024-03-19T22:12:46","guid":{"rendered":"http:\/\/mickyandoniehn.com\/radio\/2024\/03\/19\/sube-latinoamerica-impulsor-de-ventas-y-crecimiento-para-mipymes-y-emprendedores\/"},"modified":"2024-03-19T16:12:46","modified_gmt":"2024-03-19T22:12:46","slug":"sube-latinoamerica-impulsor-de-ventas-y-crecimiento-para-mipymes-y-emprendedores","status":"publish","type":"post","link":"https:\/\/mickyandoniehn.com\/radio\/2024\/03\/19\/sube-latinoamerica-impulsor-de-ventas-y-crecimiento-para-mipymes-y-emprendedores\/","title":{"rendered":"Sube Latinoam\u00e9rica impulsor de ventas y crecimiento para Mipymes y emprendedores"},"content":{"rendered":"<\/p>\n<p><strong>Tegucigalpa. 19.03.2024<\/strong><\/p>\n<p class=\"mb-6\">La empresa Sube Latinoam\u00e9rica se consolid\u00f3 como impulsor de ventas y crecimiento para Micro Peque\u00f1os y Medianos Empresarios (Mipymes), as\u00ed como de emprendedores, a trav\u00e9s de tecnolog\u00edas, contenido y eventos de comercio electr\u00f3nico y Fintech.<\/p>\n<p class=\"mb-6\">El gerente de Sube Latinoam\u00e9rica, Ricardo Ir\u00edas, inform\u00f3 que en siete a\u00f1os se han expandido con clientes en Guatemala, El Salvador y M\u00e9xico. \u201cHemos capacitado a m\u00e1s de 7,000 personas con programas liderados por nosotros y apoyados por Naciones Unidas a trav\u00e9s de PNUD, Usaid, Cenpromype y varias organizaciones m\u00e1s. Nuestros clientes venden anualmente m\u00e1s de 29 millones de lempiras, usando las herramientas y capacitaciones que nosotros les damos\u201d resalt\u00f3.<\/p>\n<p class=\"mb-6\">El comercio electr\u00f3nico es una tendencia que en el mundo existe hace m\u00e1s de 25 a\u00f1os, expuso Ir\u00edas, y es una forma de hacer negocios que no va a desaparecer.<\/p>\n<p class=\"mb-6\">\u201cM\u00e1s de 22 mil emprendedores y empresarios se han registrado con nosotros, la mayor parte en Honduras, aunque no hemos hecho un esfuerzo grande por entrar a otros pa\u00edses, ya estamos registrados en Guatemala, El Salvador, M\u00e9xico, Costa Rica y Per\u00fa\u201d resalt\u00f3.<\/p>\n<p class=\"mb-6\">\u201cEn Centroam\u00e9rica y M\u00e9xico, vemos gran inter\u00e9s cada vez que tenemos pauta publicitaria, muchas personas empiezan a trabajar con nosotros mes a mes, con uso de las herramientas para llevar sus inventarios, registrar, recibir pedidos en l\u00ednea y con sus correos electr\u00f3nicos empresariales\u201d.<\/p>\n<p class=\"mb-6\">Ricardo Ir\u00edas reconoci\u00f3 que muchos empresarios no incursionan en el comercio electr\u00f3nico por falta de tiempo. \u201cTodo el mundo est\u00e1 ocupado gan\u00e1ndose la vida con lo que sabe hacer y aprender a hacer cosas nuevas, toma tiempo y ese tiempo tiene que sacrificarse de lo que hace en el d\u00eda a d\u00eda\u201d.<\/p>\n<p class=\"mb-6\">Adem\u00e1s, personas no dan ese primer paso porque no saben por d\u00f3nde empezar o medir cu\u00e1nto tiempo le llevar\u00e1. \u201cNosotros les damos esa claridad desde un inicio y les asignamos una persona por lo menos un mes, hasta tres meses\u201d.<\/p>\n<p class=\"mb-6\">Emprendedores tambi\u00e9n desisten porque se encontraron con trabas. \u201cCon nosotros si se encuentran una traba, hay una persona que les ayuda y les permite seguir avanzando, b\u00e1sicamente el valor agregado que damos, el m\u00e1s fuerte, consiste en destrabarlos y ayudarlos a continuar\u201d concluy\u00f3.<\/p>\n<p class=\"mb-6\">Accede a Sube Latinoam\u00e9rica a trav\u00e9s del sitio web: sube.la, tambi\u00e9n por redes sociales o por WhatsApp, Facebook, Instagram y LinkedIn. En subelatam, abreviatura de Sube Latinoam\u00e9rica, aparecen los contactos y correos.<\/p>\n<p>Fuente: latribuna.hn<\/p>\n","protected":false},"excerpt":{"rendered":"<p>Tegucigalpa. 19.03.2024 La empresa Sube Latinoam\u00e9rica se consolid\u00f3 como impulsor de ventas y crecimiento para Micro Peque\u00f1os y Medianos Empresarios (Mipymes), as\u00ed como de emprendedores, a trav\u00e9s de tecnolog\u00edas, contenido y eventos de comercio electr\u00f3nico y Fintech. El gerente de Sube Latinoam\u00e9rica, Ricardo Ir\u00edas, inform\u00f3 que en siete a\u00f1os se han expandido con clientes en &hellip;<\/p>\n","protected":false},"author":0,"featured_media":69511,"comment_status":"open","ping_status":"open","sticky":false,"template":"","format":"standard","meta":{"_jetpack_memberships_contains_paid_content":false,"footnotes":""},"categories":[5],"tags":[],"class_list":["post-69510","post","type-post","status-publish","format-standard","has-post-thumbnail","","category-noticias"],"jetpack_sharing_enabled":true,"jetpack_featured_media_url":"https:\/\/mickyandoniehn.com\/radio\/wp-content\/uploads\/2024\/03\/RICARDO-IRIAS-lsD3Bu.jpeg","_links":{"self":[{"href":"https:\/\/mickyandoniehn.com\/radio\/wp-json\/wp\/v2\/posts\/69510","targetHints":{"allow":["GET"]}}],"collection":[{"href":"https:\/\/mickyandoniehn.com\/radio\/wp-json\/wp\/v2\/posts"}],"about":[{"href":"https:\/\/mickyandoniehn.com\/radio\/wp-json\/wp\/v2\/types\/post"}],"replies":[{"embeddable":true,"href":"https:\/\/mickyandoniehn.com\/radio\/wp-json\/wp\/v2\/comments?post=69510"}],"version-history":[{"count":0,"href":"https:\/\/mickyandoniehn.com\/radio\/wp-json\/wp\/v2\/posts\/69510\/revisions"}],"wp:featuredmedia":[{"embeddable":true,"href":"https:\/\/mickyandoniehn.com\/radio\/wp-json\/wp\/v2\/media\/69511"}],"wp:attachment":[{"href":"https:\/\/mickyandoniehn.com\/radio\/wp-json\/wp\/v2\/media?parent=69510"}],"wp:term":[{"taxonomy":"category","embeddable":true,"href":"https:\/\/mickyandoniehn.com\/radio\/wp-json\/wp\/v2\/categories?post=69510"},{"taxonomy":"post_tag","embeddable":true,"href":"https:\/\/mickyandoniehn.com\/radio\/wp-json\/wp\/v2\/tags?post=69510"}],"curies":[{"name":"wp","href":"https:\/\/api.w.org\/{rel}","templated":true}]}}