{"id":69474,"date":"2024-03-18T15:12:52","date_gmt":"2024-03-18T21:12:52","guid":{"rendered":"https:\/\/mickyandoniehn.com\/radio\/2024\/03\/18\/la-capital-busca-no-solo-ser-la-ciudad-politica-del-pais-y-posicionar-el-turismo\/"},"modified":"2024-03-18T15:12:52","modified_gmt":"2024-03-18T21:12:52","slug":"la-capital-busca-no-solo-ser-la-ciudad-politica-del-pais-y-posicionar-el-turismo","status":"publish","type":"post","link":"https:\/\/mickyandoniehn.com\/radio\/2024\/03\/18\/la-capital-busca-no-solo-ser-la-ciudad-politica-del-pais-y-posicionar-el-turismo\/","title":{"rendered":"La capital busca no solo ser \u201cla ciudad pol\u00edtica del pa\u00eds\u201d, y posicionar el turismo"},"content":{"rendered":"<\/p>\n<p>\u00a0<\/p>\n<p>Tegucigalpa. 18.03.2024<\/p>\n<p>El gerente de Turismo de la Alcald\u00eda Municipal del Distrito Central (AMDC), Javier Portillo, asever\u00f3 que hay muchos esfuerzos para convertir a la capital en un destino tur\u00edstico y no solo en \u201cla ciudad pol\u00edtica del pa\u00eds\u201d.<\/p>\n<p>Portillo declar\u00f3 en entrevista con\u00a0<strong>Hondudiario\u00a0<\/strong>que los esfuerzos para convertir al Distrito Central en un atractivo a\u00fan m\u00e1s tur\u00edstico avanzan \u201cmuy bien\u201d y se vienen \u201cnuevos proyectos finalizados\u201d para la capital, con la idea de \u201cembellecer\u201d la metr\u00f3poli.<\/p>\n<p>El funcionario municipal enlist\u00f3 trabajos en el bulevar Fuerza Popular y la rotonda frente a Diunsa, m\u00e1s decoraciones de pintura y murales.<\/p>\n<p>En relaci\u00f3n a la pr\u00f3xima Semana Santa, record\u00f3 que es patrimonio cultural y art\u00edstico de \u201cnuestra ciudad capital\u201d, y lo que promueve es el turismo religioso.<\/p>\n<p>\u201cEso es lo que promovemos, un turismo religioso, un turismo donde la gente se pueda motivar a venir al Distrito Central, que es tan importante\u201d, declar\u00f3.<\/p>\n<p><a href=\"https:\/\/i2.wp.com\/hondudiario.com\/wp-content\/uploads\/2024\/03\/WhatsApp-Image-2024-03-15-at-8.28.06-AM.jpeg?ssl=1\"><\/a>Javier Portillo, AMDC<\/p>\n<p>Y en ese sentido, \u201caunamos todos los esfuerzos para que todas estas alfombras (m\u00e1s de 600 metros) sean de las mejores del pa\u00eds, porque queremos convertir a Tegucigalpa en esa ciudad tur\u00edstica y no solo en la ciudad pol\u00edtica\u201d, asever\u00f3.<\/p>\n<p><strong>Festival del Color<\/strong><\/p>\n<p>Portillo explic\u00f3 que el Festival del Color consiste en darle ya la bienvenida al verano en la capital, \u201clo cual lo recibimos con mucha alegr\u00eda, con mucho color\u201d.<\/p>\n<p>Seg\u00fan explic\u00f3 la esperada actividad se trata de crear espacios p\u00fablicos donde los ciudadanos y visitantes de fuera de la ciudad puedan venir y compartir \u201cen familia\u201d, espacios que son tur\u00edsticos.<\/p>\n<p><a href=\"https:\/\/i0.wp.com\/hondudiario.com\/wp-content\/uploads\/2024\/03\/WhatsApp-Image-2023-04-07-at-8.36.05-AM.jpeg?ssl=1\"><\/a><\/p>\n<p>La fuente describi\u00f3 que los restaurantes sacan todo su mobiliario, hacen montajes \u201cmuy bonitos\u201d y sobre todo \u201cmovemos la econom\u00eda de la zona\u201d.<\/p>\n<p>Porque este lugar es uno de los. Que m\u00e1s vida nocturna tiene, lo que m\u00e1s restaurantes tiene, entonces tratamos de promover la zona como un lugar tur\u00edstico de nuestra ciudad capital.<\/p>\n<p>El Festival del Color ya tuvo una primera edici\u00f3n en 2023, reuniendo a m\u00e1s de 20 mil personas en un \u201c\u00e9xito total\u201d y \u201ceste a\u00f1o va a ser mucho mejor todav\u00eda\u201d.<\/p>\n<p>La celebraci\u00f3n tendr\u00e1 lugar este s\u00e1bado 16 de marzo en la colonia Am\u00e9rica desde los restaurantes Bigos hasta Las Tejitas. En la gran fiesta la poblaci\u00f3n que asista podr\u00e1 degustar de una variedad de deliciosos platillos y bebidas, as\u00ed como, disfrutar de presentaciones art\u00edsticas, bailar hasta el amanecer y un show de luces.<\/p>\n<p><strong>Un destino prometedor<\/strong><\/p>\n<p>Posicionada entre monta\u00f1as y atravesada por r\u00edos, la animada ciudad de Tegucigalpa emerge como un destino tur\u00edstico prometedor en Honduras. Con una rica historia colonial, una vibrante escena cultural, la urbe necesita del impulso y desarrollo adecuados.<\/p>\n<p>La majestuosidad de la Catedral Metropolitana de San Miguel Arc\u00e1ngel y el encanto de la Plaza Moraz\u00e1n. Adem\u00e1s, el Museo Nacional de Honduras ofrece una mirada fascinante a la historia y la cultura del pa\u00eds.<\/p>\n<p><a href=\"https:\/\/i2.wp.com\/hondudiario.com\/wp-content\/uploads\/2024\/01\/Tegucigalpa.jpg?ssl=1\"><\/a><\/p>\n<p>Pero Tegucigalpa no es solo historia; tambi\u00e9n es una ciudad moderna que bulle con vida. Sus mercados coloridos, como el Mercado San Isidro, son una delicia para los sentidos, ofreciendo una variedad de productos locales y gastronom\u00eda tradicional que deleita a los paladares m\u00e1s exigentes.<\/p>\n<p>Para los amantes de la naturaleza, los alrededores de Tegucigalpa ofrecen una amplia gama de actividades al aire libre. Desde senderismo en el Parque Nacional La Tigra hasta la contemplaci\u00f3n de cascadas en el Parque Nacional El Picacho, los entusiastas de la naturaleza encontrar\u00e1n en Tegucigalpa un destino por descubrir.<\/p>\n<p>Con su mezcla \u00fanica de historia, cultura y naturaleza, Tegucigalpa se posiciona como un destino tur\u00edstico emergente que promete dejar una impresi\u00f3n duradera en aquellos que se atreven a explorar sus encantos.<\/p>\n<p>Fuente: diarioroatan.com<\/p>\n","protected":false},"excerpt":{"rendered":"<p>\u00a0 Tegucigalpa. 18.03.2024 El gerente de Turismo de la Alcald\u00eda Municipal del Distrito Central (AMDC), Javier Portillo, asever\u00f3 que hay muchos esfuerzos para convertir a la capital en un destino tur\u00edstico y no solo en \u201cla ciudad pol\u00edtica del pa\u00eds\u201d. Portillo declar\u00f3 en entrevista con\u00a0Hondudiario\u00a0que los esfuerzos para convertir al Distrito Central en un atractivo &hellip;<\/p>\n","protected":false},"author":0,"featured_media":69475,"comment_status":"open","ping_status":"open","sticky":false,"template":"","format":"standard","meta":{"_jetpack_memberships_contains_paid_content":false,"footnotes":""},"categories":[5],"tags":[],"class_list":["post-69474","post","type-post","status-publish","format-standard","has-post-thumbnail","","category-noticias"],"jetpack_sharing_enabled":true,"jetpack_featured_media_url":"https:\/\/mickyandoniehn.com\/radio\/wp-content\/uploads\/2024\/03\/WhatsApp-Image-2024-03-15-at-8.29.16-AM-1536x1024-1-aRqRgY.jpeg","_links":{"self":[{"href":"https:\/\/mickyandoniehn.com\/radio\/wp-json\/wp\/v2\/posts\/69474","targetHints":{"allow":["GET"]}}],"collection":[{"href":"https:\/\/mickyandoniehn.com\/radio\/wp-json\/wp\/v2\/posts"}],"about":[{"href":"https:\/\/mickyandoniehn.com\/radio\/wp-json\/wp\/v2\/types\/post"}],"replies":[{"embeddable":true,"href":"https:\/\/mickyandoniehn.com\/radio\/wp-json\/wp\/v2\/comments?post=69474"}],"version-history":[{"count":0,"href":"https:\/\/mickyandoniehn.com\/radio\/wp-json\/wp\/v2\/posts\/69474\/revisions"}],"wp:featuredmedia":[{"embeddable":true,"href":"https:\/\/mickyandoniehn.com\/radio\/wp-json\/wp\/v2\/media\/69475"}],"wp:attachment":[{"href":"https:\/\/mickyandoniehn.com\/radio\/wp-json\/wp\/v2\/media?parent=69474"}],"wp:term":[{"taxonomy":"category","embeddable":true,"href":"https:\/\/mickyandoniehn.com\/radio\/wp-json\/wp\/v2\/categories?post=69474"},{"taxonomy":"post_tag","embeddable":true,"href":"https:\/\/mickyandoniehn.com\/radio\/wp-json\/wp\/v2\/tags?post=69474"}],"curies":[{"name":"wp","href":"https:\/\/api.w.org\/{rel}","templated":true}]}}