{"id":69466,"date":"2024-03-18T14:13:52","date_gmt":"2024-03-18T20:13:52","guid":{"rendered":"http:\/\/mickyandoniehn.com\/radio\/2024\/03\/18\/comunidad-de-punta-gorda-realiza-encuentro-cultural-con-la-ministra-de-turismo-para-compartir-su-riqueza-cultural\/"},"modified":"2024-03-18T14:13:52","modified_gmt":"2024-03-18T20:13:52","slug":"comunidad-de-punta-gorda-realiza-encuentro-cultural-con-la-ministra-de-turismo-para-compartir-su-riqueza-cultural","status":"publish","type":"post","link":"https:\/\/mickyandoniehn.com\/radio\/2024\/03\/18\/comunidad-de-punta-gorda-realiza-encuentro-cultural-con-la-ministra-de-turismo-para-compartir-su-riqueza-cultural\/","title":{"rendered":"Comunidad de Punta Gorda realiza encuentro cultural con la Ministra de Turismo para compartir su riqueza cultural"},"content":{"rendered":"<\/p>\n<p><strong>18.03.2024<\/strong><\/p>\n<p>Ubicado en la pintoresca localidad de Punta Gorda, el Centro Cultural Satuy\u00e9 se ha convertido en un destino imperdible para los amantes de la cultura y la gastronom\u00eda en Honduras. Recientemente, este enclave cultural recibi\u00f3 la visita de la\u00a0<a href=\"https:\/\/www.iht.hn\/\">ministra de Turismo<\/a>, Yadira G\u00f3mez, quien qued\u00f3 cautivada por la riqueza de sus proyectos y tradiciones.<\/p>\n<div class=\"wp-block-image\">\n<\/div>\n<p>El Centro Cultural Satuy\u00e9 de Punta Gorda es mucho m\u00e1s que un simple punto de inter\u00e9s tur\u00edstico. Es un testimonio vivo de la herencia gar\u00edfuna en la regi\u00f3n, donde las mujeres emprendedoras de la comunidad ofrecen a los visitantes una experiencia \u00fanica: un recorrido por la aut\u00e9ntica gastronom\u00eda gar\u00edfuna. Entre los platos destacados se encuentran la exquisita elaboraci\u00f3n del kassabe y las irresistibles tabletas de coco, deleitando los paladares de quienes tienen el privilegio de probarlos.<\/p>\n<p>Durante su visita, la ministra G\u00f3mez se comprometi\u00f3 a apoyar activamente a la comunidad, especialmente en la conmemoraci\u00f3n del aniversario 227 de la llegada de los gar\u00edfunas a Honduras, previsto para abril.<\/p>\n<p>El Centro Cultural Satuy\u00e9 no solo es un destino tur\u00edstico, sino tambi\u00e9n un s\u00edmbolo de orgullo y resistencia cultural para la comunidad gar\u00edfuna. Con el apoyo del gobierno y el continuo flujo de visitantes, este tesoro cultural seguir\u00e1 siendo un faro de tradici\u00f3n y hospitalidad en las costas hondure\u00f1as.<\/p>\n<p><strong>Tambi\u00e9n:\u00a0<a href=\"https:\/\/diarioroatan.com\/inician-la-planificacion-de-campana-verano-seguro-en-las-playas-de-roatan\/\">Inician la planificaci\u00f3n de campa\u00f1a \u00abVerano Seguro\u00bb en las Playas de Roat\u00e1n<\/a><\/strong><\/p>\n","protected":false},"excerpt":{"rendered":"<p>18.03.2024 Ubicado en la pintoresca localidad de Punta Gorda, el Centro Cultural Satuy\u00e9 se ha convertido en un destino imperdible para los amantes de la cultura y la gastronom\u00eda en Honduras. Recientemente, este enclave cultural recibi\u00f3 la visita de la\u00a0ministra de Turismo, Yadira G\u00f3mez, quien qued\u00f3 cautivada por la riqueza de sus proyectos y tradiciones. &hellip;<\/p>\n","protected":false},"author":0,"featured_media":69467,"comment_status":"open","ping_status":"open","sticky":false,"template":"","format":"standard","meta":{"_jetpack_memberships_contains_paid_content":false,"footnotes":""},"categories":[5],"tags":[],"class_list":["post-69466","post","type-post","status-publish","format-standard","has-post-thumbnail","","category-noticias"],"jetpack_sharing_enabled":true,"jetpack_featured_media_url":"https:\/\/mickyandoniehn.com\/radio\/wp-content\/uploads\/2024\/03\/433013149_725646286349993_4555467905702281030_n-750x430-1-oLUx0I.jpeg","_links":{"self":[{"href":"https:\/\/mickyandoniehn.com\/radio\/wp-json\/wp\/v2\/posts\/69466","targetHints":{"allow":["GET"]}}],"collection":[{"href":"https:\/\/mickyandoniehn.com\/radio\/wp-json\/wp\/v2\/posts"}],"about":[{"href":"https:\/\/mickyandoniehn.com\/radio\/wp-json\/wp\/v2\/types\/post"}],"replies":[{"embeddable":true,"href":"https:\/\/mickyandoniehn.com\/radio\/wp-json\/wp\/v2\/comments?post=69466"}],"version-history":[{"count":0,"href":"https:\/\/mickyandoniehn.com\/radio\/wp-json\/wp\/v2\/posts\/69466\/revisions"}],"wp:featuredmedia":[{"embeddable":true,"href":"https:\/\/mickyandoniehn.com\/radio\/wp-json\/wp\/v2\/media\/69467"}],"wp:attachment":[{"href":"https:\/\/mickyandoniehn.com\/radio\/wp-json\/wp\/v2\/media?parent=69466"}],"wp:term":[{"taxonomy":"category","embeddable":true,"href":"https:\/\/mickyandoniehn.com\/radio\/wp-json\/wp\/v2\/categories?post=69466"},{"taxonomy":"post_tag","embeddable":true,"href":"https:\/\/mickyandoniehn.com\/radio\/wp-json\/wp\/v2\/tags?post=69466"}],"curies":[{"name":"wp","href":"https:\/\/api.w.org\/{rel}","templated":true}]}}