{"id":69460,"date":"2024-03-18T14:13:47","date_gmt":"2024-03-18T20:13:47","guid":{"rendered":"http:\/\/mickyandoniehn.com\/radio\/2024\/03\/18\/honduras-ya-entrena-en-dallas\/"},"modified":"2024-03-18T14:13:47","modified_gmt":"2024-03-18T20:13:47","slug":"honduras-ya-entrena-en-dallas","status":"publish","type":"post","link":"https:\/\/mickyandoniehn.com\/radio\/2024\/03\/18\/honduras-ya-entrena-en-dallas\/","title":{"rendered":"Honduras ya entrena en Dallas"},"content":{"rendered":"<\/p>\n<p><strong>Tegucigalpa. 18.03.2024<\/strong><\/p>\n<p>La selecci\u00f3n de Honduras inici\u00f3 su semana final de preparaci\u00f3n previo al partido donde luchar\u00e1 por el boleto a la Copa Am\u00e9rica 2024, contra la representaci\u00f3n de Costa Rica, este s\u00e1bado 23 de marzo en la ciudad de Frisco Texas.<\/p>\n<p>Los dirigidos por Reinaldo Rueda, entrenaron por primera vez en suelo norteamericano y lo hicieron en las instalaciones del equipo FC Dallas de la MLS.<\/p>\n<p>La selecci\u00f3n viaj\u00f3 de Tegucigalpa a Dallas la tarde del s\u00e1bado con 23 futbolistas de los 32 elegidos por el entrenador para el juego ante Costa Rica y el amistoso contra El Salvador el martes 23 en Houston.<\/p>\n<p>Rueda, para el duelo de repesca solo contar\u00e1 con 23 elementos y con los cuales trabaj\u00f3 con 21, los faltantes fueron Rigoberto Rivas del Hatayspor de Turqu\u00eda y Bryan R\u00f3chez de UD Leira de Portugal.<\/p>\n<p>Los otros ausentes para el segundo compromiso fueron, Anthony Lozano (Almer\u00eda, Espa\u00f1a) y Denil Maldonado (Craoiva, Rumania), quienes hoy se unir\u00e1n.<\/p>\n<p>Previo a la pr\u00e1ctica vespertina, los futbolistas en horas de la ma\u00f1ana hicieron ejercicios aer\u00f3bicos en el hotel donde se encuentran hospedados bajo la supervisi\u00f3n del preparador f\u00edsico Juan Carlos Quintero.<\/p>\n<p>Intensidad, concentraci\u00f3n y sobre todo mucha armon\u00eda se pudo notar en el campamento de los catrachos que aseguran que las m\u00faltiples ausencias por lesi\u00f3n y sanci\u00f3n no pasar\u00e1n factura para luchar por el boleto al torneo continental.<\/p>\n<p>Fuente: diarioroatan.com<\/p>\n","protected":false},"excerpt":{"rendered":"<p>Tegucigalpa. 18.03.2024 La selecci\u00f3n de Honduras inici\u00f3 su semana final de preparaci\u00f3n previo al partido donde luchar\u00e1 por el boleto a la Copa Am\u00e9rica 2024, contra la representaci\u00f3n de Costa Rica, este s\u00e1bado 23 de marzo en la ciudad de Frisco Texas. Los dirigidos por Reinaldo Rueda, entrenaron por primera vez en suelo norteamericano y &hellip;<\/p>\n","protected":false},"author":0,"featured_media":69461,"comment_status":"open","ping_status":"open","sticky":false,"template":"","format":"standard","meta":{"_jetpack_memberships_contains_paid_content":false,"footnotes":""},"categories":[5],"tags":[],"class_list":["post-69460","post","type-post","status-publish","format-standard","has-post-thumbnail","","category-noticias"],"jetpack_sharing_enabled":true,"jetpack_featured_media_url":"https:\/\/mickyandoniehn.com\/radio\/wp-content\/uploads\/2024\/03\/honduras-en-dallas-750x430-1-Aze092.jpeg","_links":{"self":[{"href":"https:\/\/mickyandoniehn.com\/radio\/wp-json\/wp\/v2\/posts\/69460","targetHints":{"allow":["GET"]}}],"collection":[{"href":"https:\/\/mickyandoniehn.com\/radio\/wp-json\/wp\/v2\/posts"}],"about":[{"href":"https:\/\/mickyandoniehn.com\/radio\/wp-json\/wp\/v2\/types\/post"}],"replies":[{"embeddable":true,"href":"https:\/\/mickyandoniehn.com\/radio\/wp-json\/wp\/v2\/comments?post=69460"}],"version-history":[{"count":0,"href":"https:\/\/mickyandoniehn.com\/radio\/wp-json\/wp\/v2\/posts\/69460\/revisions"}],"wp:featuredmedia":[{"embeddable":true,"href":"https:\/\/mickyandoniehn.com\/radio\/wp-json\/wp\/v2\/media\/69461"}],"wp:attachment":[{"href":"https:\/\/mickyandoniehn.com\/radio\/wp-json\/wp\/v2\/media?parent=69460"}],"wp:term":[{"taxonomy":"category","embeddable":true,"href":"https:\/\/mickyandoniehn.com\/radio\/wp-json\/wp\/v2\/categories?post=69460"},{"taxonomy":"post_tag","embeddable":true,"href":"https:\/\/mickyandoniehn.com\/radio\/wp-json\/wp\/v2\/tags?post=69460"}],"curies":[{"name":"wp","href":"https:\/\/api.w.org\/{rel}","templated":true}]}}